{"id":190807,"date":"2024-05-17T07:25:49","date_gmt":"2024-05-17T11:25:49","guid":{"rendered":"https:\/\/mspontocom.com.br\/site\/?p=190807"},"modified":"2024-05-17T07:25:49","modified_gmt":"2024-05-17T11:25:49","slug":"perdeu-mane-relaciona-musk-a-movimento-de-extrema-direita","status":"publish","type":"post","link":"https:\/\/mspontocom.com.br\/site\/perdeu-mane-relaciona-musk-a-movimento-de-extrema-direita\/","title":{"rendered":"&#8220;Perdeu Man\u00e9&#8221; relaciona Musk a movimento de extrema direita"},"content":{"rendered":"<p class=\"styles__ParagraphStyled-sc-6adecn-0 dvANKb \" style=\"text-align: justify;\"><img loading=\"lazy\" class=\"alignnone size-full wp-image-190815\" src=\"https:\/\/mspontocom.com.br\/site\/wp-content\/uploads\/2024\/05\/site-perdeu-mane-relaciona-musk-a-movimento-de-extrema-direita-barroso.png\" alt=\"\" width=\"678\" height=\"381\" srcset=\"https:\/\/mspontocom.com.br\/site\/wp-content\/uploads\/2024\/05\/site-perdeu-mane-relaciona-musk-a-movimento-de-extrema-direita-barroso.png 678w, https:\/\/mspontocom.com.br\/site\/wp-content\/uploads\/2024\/05\/site-perdeu-mane-relaciona-musk-a-movimento-de-extrema-direita-barroso-260x146.png 260w\" sizes=\"(max-width: 678px) 100vw, 678px\" \/>O presidente do STF, ministro Luis Roberto Barroso, <strong>(PERDEU MAN\u00c9)<\/strong> associou o bilion\u00e1rio dono do X (antigo Twitter),<strong> Elon Musk,<\/strong> a uma \u201carticula\u00e7\u00e3o de extrema direita no mundo\u201d, que agrupa \u201cinimigos poderosos da democracia.<\/p>\n<p class=\"styles__ParagraphStyled-sc-6adecn-0 dvANKb \" style=\"text-align: justify;\">O magistrado, em entrevista ao jornal brit\u00e2nico<em>\u00a0Financial Times<\/em>, classificou o movimento como \u201cdestrutivo\u201d.<\/p>\n<div class=\"styles__MultiParagraphAdStyled-sc-1yb8ue6-0 dArwXb\">\n<div class=\"paragraph\">\n<p style=\"text-align: justify;\">Ao mencionar o nome do empres\u00e1rio,\u00a0Barroso disse que \u201calgumas pessoas invocam o direito \u00e0 liberdade de express\u00e3o quando, na verdade, defendem um modelo de neg\u00f3cio baseado no engajamento e, infelizmente, no \u00f3dio, no sensacionalismo e em teorias da conspira\u00e7\u00e3o\u201d.<\/p>\n<p style=\"text-align: justify;\">Os ataques ao STF brasileiro feitos por Musk foram motivados pelas decis\u00f5es de <strong>Alexandre de Moraes<\/strong>, no X,<\/p>\n<p style=\"text-align: justify;\">Para Musk, as ordens s\u00e3o uma forma de censura e por isso, ele amea\u00e7ou descumpri-las.<\/p>\n<p style=\"text-align: justify;\">Veja mais not\u00edcias em: <a href=\"http:\/\/www.mspontocom.com.br\">www.mspontocom.com.br<\/a><\/p>\n<p style=\"text-align: justify;\">Nosso X (twitter): @mspontocom<\/p>\n<p style=\"text-align: justify;\">\n<\/div>\n<\/div>\n","protected":false},"excerpt":{"rendered":"<p>O presidente do STF, ministro Luis Roberto Barroso, (PERDEU MAN\u00c9) associou o bilion\u00e1rio dono do X (antigo Twitter), Elon Musk, a uma \u201carticula\u00e7\u00e3o de extrema direita no mundo\u201d, que agrupa \u201cinimigos poderosos da democracia. O magistrado, em entrevista ao jornal brit\u00e2nico\u00a0Financial Times, classificou o movimento como \u201cdestrutivo\u201d. Ao mencionar o nome do empres\u00e1rio,\u00a0Barroso disse que [&hellip;]<\/p>\n","protected":false},"author":2,"featured_media":190815,"comment_status":"open","ping_status":"open","sticky":false,"template":"","format":"standard","meta":{"_monsterinsights_skip_tracking":false,"_monsterinsights_sitenote_active":false,"_monsterinsights_sitenote_note":"","_monsterinsights_sitenote_category":0},"categories":[6,30260,2528,30259],"tags":[33587,41259,41048,39902],"aioseo_notices":[],"_links":{"self":[{"href":"https:\/\/mspontocom.com.br\/site\/wp-json\/wp\/v2\/posts\/190807"}],"collection":[{"href":"https:\/\/mspontocom.com.br\/site\/wp-json\/wp\/v2\/posts"}],"about":[{"href":"https:\/\/mspontocom.com.br\/site\/wp-json\/wp\/v2\/types\/post"}],"author":[{"embeddable":true,"href":"https:\/\/mspontocom.com.br\/site\/wp-json\/wp\/v2\/users\/2"}],"replies":[{"embeddable":true,"href":"https:\/\/mspontocom.com.br\/site\/wp-json\/wp\/v2\/comments?post=190807"}],"version-history":[{"count":2,"href":"https:\/\/mspontocom.com.br\/site\/wp-json\/wp\/v2\/posts\/190807\/revisions"}],"predecessor-version":[{"id":190816,"href":"https:\/\/mspontocom.com.br\/site\/wp-json\/wp\/v2\/posts\/190807\/revisions\/190816"}],"wp:featuredmedia":[{"embeddable":true,"href":"https:\/\/mspontocom.com.br\/site\/wp-json\/wp\/v2\/media\/190815"}],"wp:attachment":[{"href":"https:\/\/mspontocom.com.br\/site\/wp-json\/wp\/v2\/media?parent=190807"}],"wp:term":[{"taxonomy":"category","embeddable":true,"href":"https:\/\/mspontocom.com.br\/site\/wp-json\/wp\/v2\/categories?post=190807"},{"taxonomy":"post_tag","embeddable":true,"href":"https:\/\/mspontocom.com.br\/site\/wp-json\/wp\/v2\/tags?post=190807"}],"curies":[{"name":"wp","href":"https:\/\/api.w.org\/{rel}","templated":true}]}}