{"id":190819,"date":"2024-05-17T05:44:46","date_gmt":"2024-05-17T09:44:46","guid":{"rendered":"https:\/\/mspontocom.com.br\/site\/?p=190819"},"modified":"2024-05-17T08:43:56","modified_gmt":"2024-05-17T12:43:56","slug":"palestra-de-paulo-guedes-em-campo-grande-inscricoes-abertas","status":"publish","type":"post","link":"https:\/\/mspontocom.com.br\/site\/palestra-de-paulo-guedes-em-campo-grande-inscricoes-abertas\/","title":{"rendered":"Palestra de Paulo Guedes em Campo Grande. Inscri\u00e7\u00f5es abertas"},"content":{"rendered":"<p style=\"text-align: justify;\"><img loading=\"lazy\" class=\"alignnone size-full wp-image-190833\" src=\"https:\/\/mspontocom.com.br\/site\/wp-content\/uploads\/2024\/05\/site-palestra-de-paulo-guedes-em-campo-grande-inscricoes-abertas-paulo-guedes-praia-35951089.jpg\" alt=\"\" width=\"1200\" height=\"720\" srcset=\"https:\/\/mspontocom.com.br\/site\/wp-content\/uploads\/2024\/05\/site-palestra-de-paulo-guedes-em-campo-grande-inscricoes-abertas-paulo-guedes-praia-35951089.jpg 1200w, https:\/\/mspontocom.com.br\/site\/wp-content\/uploads\/2024\/05\/site-palestra-de-paulo-guedes-em-campo-grande-inscricoes-abertas-paulo-guedes-praia-35951089-260x156.jpg 260w, https:\/\/mspontocom.com.br\/site\/wp-content\/uploads\/2024\/05\/site-palestra-de-paulo-guedes-em-campo-grande-inscricoes-abertas-paulo-guedes-praia-35951089-1024x614.jpg 1024w, https:\/\/mspontocom.com.br\/site\/wp-content\/uploads\/2024\/05\/site-palestra-de-paulo-guedes-em-campo-grande-inscricoes-abertas-paulo-guedes-praia-35951089-768x461.jpg 768w\" sizes=\"(max-width: 1200px) 100vw, 1200px\" \/>A capital do agroneg\u00f3cio brasileiro receber\u00e1 o ex-ministro da Economia, a convite do Sindicato Rural de Campo Grande, Rochedo e Corguinho &#8211; SRCG.<\/p>\n<p style=\"text-align: justify;\">O economista faz parte do time de palestrantes confirmados para o Interagro 2024 e abordar\u00e1 as perspectivas da expans\u00e3o do agro.<\/p>\n<p style=\"text-align: justify;\">PhD em Economia pela Universidade de Chicago, Paulo Guedes desenvolveu uma carreira de destaque no setor de educa\u00e7\u00e3o e como empreendedor no mercado financeiro.<\/p>\n<p style=\"text-align: justify;\">Antes de assumir o cargo de ministro da Economia do Brasil durante a gest\u00e3o de 2019 a 2022, Guedes lecionou em prestigiadas institui\u00e7\u00f5es como FGV, PUC-Rio e IMPA.<\/p>\n<p style=\"text-align: justify;\">As inscri\u00e7\u00f5es para o Interagro 2024 j\u00e1 est\u00e3o abertas e podem ser realizadas atrav\u00e9s do site oficial do evento:\u00a0<a href=\"http:\/\/www.interagro2024.com.br\/\" target=\"_blank\" rel=\"noopener\" data-saferedirecturl=\"https:\/\/www.google.com\/url?q=http:\/\/www.interagro2024.com.br&amp;source=gmail&amp;ust=1716032531239000&amp;usg=AOvVaw26Qped3B_FwWuNLE2ygXqV\">www.interagro2024.com.br<\/a><\/p>\n<p style=\"text-align: justify;\">Veja mais not\u00edcias em: <a href=\"http:\/\/www.mspontocom.com.br\">www.mspontocom.com.br<\/a><\/p>\n<p style=\"text-align: justify;\">Nosso X (twitter): @mspontocom<\/p>\n","protected":false},"excerpt":{"rendered":"<p>A capital do agroneg\u00f3cio brasileiro receber\u00e1 o ex-ministro da Economia, a convite do Sindicato Rural de Campo Grande, Rochedo e Corguinho &#8211; SRCG. O economista faz parte do time de palestrantes confirmados para o Interagro 2024 e abordar\u00e1 as perspectivas da expans\u00e3o do agro. PhD em Economia pela Universidade de Chicago, Paulo Guedes desenvolveu uma [&hellip;]<\/p>\n","protected":false},"author":2,"featured_media":190833,"comment_status":"open","ping_status":"open","sticky":false,"template":"","format":"standard","meta":{"_monsterinsights_skip_tracking":false,"_monsterinsights_sitenote_active":false,"_monsterinsights_sitenote_note":"","_monsterinsights_sitenote_category":0},"categories":[4328,15],"tags":[123,455,215,30807],"aioseo_notices":[],"_links":{"self":[{"href":"https:\/\/mspontocom.com.br\/site\/wp-json\/wp\/v2\/posts\/190819"}],"collection":[{"href":"https:\/\/mspontocom.com.br\/site\/wp-json\/wp\/v2\/posts"}],"about":[{"href":"https:\/\/mspontocom.com.br\/site\/wp-json\/wp\/v2\/types\/post"}],"author":[{"embeddable":true,"href":"https:\/\/mspontocom.com.br\/site\/wp-json\/wp\/v2\/users\/2"}],"replies":[{"embeddable":true,"href":"https:\/\/mspontocom.com.br\/site\/wp-json\/wp\/v2\/comments?post=190819"}],"version-history":[{"count":2,"href":"https:\/\/mspontocom.com.br\/site\/wp-json\/wp\/v2\/posts\/190819\/revisions"}],"predecessor-version":[{"id":190834,"href":"https:\/\/mspontocom.com.br\/site\/wp-json\/wp\/v2\/posts\/190819\/revisions\/190834"}],"wp:featuredmedia":[{"embeddable":true,"href":"https:\/\/mspontocom.com.br\/site\/wp-json\/wp\/v2\/media\/190833"}],"wp:attachment":[{"href":"https:\/\/mspontocom.com.br\/site\/wp-json\/wp\/v2\/media?parent=190819"}],"wp:term":[{"taxonomy":"category","embeddable":true,"href":"https:\/\/mspontocom.com.br\/site\/wp-json\/wp\/v2\/categories?post=190819"},{"taxonomy":"post_tag","embeddable":true,"href":"https:\/\/mspontocom.com.br\/site\/wp-json\/wp\/v2\/tags?post=190819"}],"curies":[{"name":"wp","href":"https:\/\/api.w.org\/{rel}","templated":true}]}}