{"id":190825,"date":"2024-05-17T05:08:49","date_gmt":"2024-05-17T09:08:49","guid":{"rendered":"https:\/\/mspontocom.com.br\/site\/?p=190825"},"modified":"2024-05-17T08:16:04","modified_gmt":"2024-05-17T12:16:04","slug":"governo-de-ms-e-consulado-dos-eua-se-unem-para-protecao-do-pantanal","status":"publish","type":"post","link":"https:\/\/mspontocom.com.br\/site\/governo-de-ms-e-consulado-dos-eua-se-unem-para-protecao-do-pantanal\/","title":{"rendered":"Governo de MS e Consulado dos EUA se unem para prote\u00e7\u00e3o do Pantanal"},"content":{"rendered":"<div style=\"text-align: justify;\"><img loading=\"lazy\" class=\"alignnone size-full wp-image-190827\" src=\"https:\/\/mspontocom.com.br\/site\/wp-content\/uploads\/2024\/05\/site-governo-de-ms-e-consulado-geral-dos-eua-se-unem-para-protecao-do-pantanal-pantanal-foto-bruno-rezende-19-730x480-1.jpg\" alt=\"\" width=\"730\" height=\"480\" srcset=\"https:\/\/mspontocom.com.br\/site\/wp-content\/uploads\/2024\/05\/site-governo-de-ms-e-consulado-geral-dos-eua-se-unem-para-protecao-do-pantanal-pantanal-foto-bruno-rezende-19-730x480-1.jpg 730w, https:\/\/mspontocom.com.br\/site\/wp-content\/uploads\/2024\/05\/site-governo-de-ms-e-consulado-geral-dos-eua-se-unem-para-protecao-do-pantanal-pantanal-foto-bruno-rezende-19-730x480-1-260x171.jpg 260w\" sizes=\"(max-width: 730px) 100vw, 730px\" \/>Como parte das a\u00e7\u00f5es desenvolvidas em Mato Grosso do Sul, ser\u00e1 realizado no dia 5 de junho &#8211; Dia Mundial do Meio Ambiente &#8211; <strong>o 2\u00b0 Semin\u00e1rio presencial em Mato Grosso do Sul: resili\u00eancia da popula\u00e7\u00e3o frente aos inc\u00eandios florestais.<\/strong><\/div>\n<div style=\"text-align: justify;\"><\/div>\n<div style=\"text-align: justify;\">O evento ser\u00e1 realizado em Campo Grande em parceria com o<strong> Consulado Geral dos Estados Unidos<\/strong> em S\u00e3o Paulo.<\/div>\n<div style=\"text-align: justify;\"><\/div>\n<div style=\"text-align: justify;\">O semin\u00e1rio em Mato Grosso do Sul, tem o apoio do USFS<strong> (Servi\u00e7o Florestal dos Estados Unidos),<\/strong> que por meio dos programas internacionais trabalha em parceria com o Governo do Brasil h\u00e1 mais de 30 anos.<\/div>\n<div>\n<p style=\"text-align: justify;\"><span class=\"ui-provider bui buj bi bj bk bl bm bn bo bp bq br bs bt bu bv bw bx by bz buk bul cc cd ce cf cg ch ci cj cl cm cn co cp\" dir=\"ltr\">As atividades s\u00e3o apoiadas por diferentes parcerias, como a USAID (Ag\u00eancia dos Estados Unidos para o Desenvolvimento Internacional), Departamento de Estado dos Estados Unidos e Departamento de Defesa.<\/span><\/p>\n<p style=\"text-align: justify;\">Al\u00e9m de profissionais palestrantes do Estado de Mato Grosso do Sul, est\u00e1 confirmada a presen\u00e7a da palestrante\u00a0<strong>Brenda Bowen,<\/strong> especialista em Recursos e oficial de informa\u00e7\u00e3o p\u00fablica, da equipe de manejo de florestas, pastagens e ecologia vegetal do Servi\u00e7o Florestal dos Estados Unidos (<em>United States Forest Service<\/em>).<\/p>\n<p style=\"text-align: justify;\">O evento em MS tem foco nas metas da <strong>ONU (Organiza\u00e7\u00e3o das Na\u00e7\u00f5es Unidas)<\/strong>, com o objetivo acelerar o progresso na restaura\u00e7\u00e3o de terras degradadas, combater a desertifica\u00e7\u00e3o e desenvolver a resili\u00eancia das comunidades e das pessoas.<\/p>\n<p style=\"text-align: justify;\">\n<div>\n<p style=\"text-align: justify;\"><em>fonte: Natalia Yahn, Comunica\u00e7\u00e3o\u00a0<\/em><br \/>\n<em>Foto: Bruno Rezende<\/em><\/p>\n<p style=\"text-align: justify;\">Veja mais not\u00edcias em: <a href=\"http:\/\/www.mspontocom.com.br\">www.mspontocom.com.br<\/a><\/p>\n<p style=\"text-align: justify;\">Nosso X (twitter): @mspontocom<\/p>\n<\/div>\n<\/div>\n","protected":false},"excerpt":{"rendered":"<p>Como parte das a\u00e7\u00f5es desenvolvidas em Mato Grosso do Sul, ser\u00e1 realizado no dia 5 de junho &#8211; Dia Mundial do Meio Ambiente &#8211; o 2\u00b0 Semin\u00e1rio presencial em Mato Grosso do Sul: resili\u00eancia da popula\u00e7\u00e3o frente aos inc\u00eandios florestais. O evento ser\u00e1 realizado em Campo Grande em parceria com o Consulado Geral dos Estados [&hellip;]<\/p>\n","protected":false},"author":2,"featured_media":190827,"comment_status":"open","ping_status":"open","sticky":false,"template":"","format":"standard","meta":{"_monsterinsights_skip_tracking":false,"_monsterinsights_sitenote_active":false,"_monsterinsights_sitenote_note":"","_monsterinsights_sitenote_category":0},"categories":[74],"tags":[41261,649,41262],"aioseo_notices":[],"_links":{"self":[{"href":"https:\/\/mspontocom.com.br\/site\/wp-json\/wp\/v2\/posts\/190825"}],"collection":[{"href":"https:\/\/mspontocom.com.br\/site\/wp-json\/wp\/v2\/posts"}],"about":[{"href":"https:\/\/mspontocom.com.br\/site\/wp-json\/wp\/v2\/types\/post"}],"author":[{"embeddable":true,"href":"https:\/\/mspontocom.com.br\/site\/wp-json\/wp\/v2\/users\/2"}],"replies":[{"embeddable":true,"href":"https:\/\/mspontocom.com.br\/site\/wp-json\/wp\/v2\/comments?post=190825"}],"version-history":[{"count":2,"href":"https:\/\/mspontocom.com.br\/site\/wp-json\/wp\/v2\/posts\/190825\/revisions"}],"predecessor-version":[{"id":190828,"href":"https:\/\/mspontocom.com.br\/site\/wp-json\/wp\/v2\/posts\/190825\/revisions\/190828"}],"wp:featuredmedia":[{"embeddable":true,"href":"https:\/\/mspontocom.com.br\/site\/wp-json\/wp\/v2\/media\/190827"}],"wp:attachment":[{"href":"https:\/\/mspontocom.com.br\/site\/wp-json\/wp\/v2\/media?parent=190825"}],"wp:term":[{"taxonomy":"category","embeddable":true,"href":"https:\/\/mspontocom.com.br\/site\/wp-json\/wp\/v2\/categories?post=190825"},{"taxonomy":"post_tag","embeddable":true,"href":"https:\/\/mspontocom.com.br\/site\/wp-json\/wp\/v2\/tags?post=190825"}],"curies":[{"name":"wp","href":"https:\/\/api.w.org\/{rel}","templated":true}]}}