{"id":190838,"date":"2024-05-18T09:21:43","date_gmt":"2024-05-18T13:21:43","guid":{"rendered":"https:\/\/mspontocom.com.br\/site\/?p=190838"},"modified":"2024-05-18T09:21:43","modified_gmt":"2024-05-18T13:21:43","slug":"stf-transparente-tira-site-do-ar-apos-questionamentos","status":"publish","type":"post","link":"https:\/\/mspontocom.com.br\/site\/stf-transparente-tira-site-do-ar-apos-questionamentos\/","title":{"rendered":"STF &#8220;transparente&#8221; tira site do ar ap\u00f3s questionamentos"},"content":{"rendered":"<p style=\"text-align: justify;\"><img loading=\"lazy\" class=\"alignnone size-full wp-image-190845\" src=\"https:\/\/mspontocom.com.br\/site\/wp-content\/uploads\/2024\/05\/site-stf-tranparente-tira-site-do-ar-apos-questionamentos-fora.jpg\" alt=\"\" width=\"512\" height=\"291\" srcset=\"https:\/\/mspontocom.com.br\/site\/wp-content\/uploads\/2024\/05\/site-stf-tranparente-tira-site-do-ar-apos-questionamentos-fora.jpg 512w, https:\/\/mspontocom.com.br\/site\/wp-content\/uploads\/2024\/05\/site-stf-tranparente-tira-site-do-ar-apos-questionamentos-fora-260x148.jpg 260w\" sizes=\"(max-width: 512px) 100vw, 512px\" \/><\/p>\n<p style=\"text-align: justify;\">O STF retirou do ar o seu <strong>portal de transpar\u00eanci<\/strong>a que fornecia informa\u00e7\u00f5es sobre gastos com passagens, di\u00e1rias, funcion\u00e1rios, contratos e presta\u00e7\u00e3o de contas.<\/p>\n<p style=\"text-align: justify;\">A medida foi tomada ap\u00f3s questionamentos feitos pela\u00a0<em><a href=\"https:\/\/www1.folha.uol.com.br\/poder\/2024\/05\/stf-tira-do-ar-pagina-de-transparencia-sobre-passagens-e-diarias-apos-questionamentos-da-folha.shtml\" target=\"_blank\" rel=\"noreferrer noopener\">Folha de S. Paulo<\/a><\/em>\u00a0\u00e0 comunica\u00e7\u00e3o do \u00f3rg\u00e3o sobre os pagamentos de di\u00e1rias de funcion\u00e1rios para viagens internacionais.<\/p>\n<p style=\"text-align: justify;\"><span style=\"font-size: 18pt;\"><strong>BLA BLA BLA<\/strong><\/span><\/p>\n<p style=\"text-align: justify;\">De acordo com o STF, a suspens\u00e3o ocorreu porque o tribunal est\u00e1 atualizando a ferramenta de gerenciamento dos sistemas de dados utilizados<\/p>\n<h2 id=\"h-gastos-com-diarias-e-viagens\" class=\"wp-block-heading\" style=\"text-align: justify;\">Gastos com di\u00e1rias e viagens<\/h2>\n<p style=\"text-align: justify;\">O jornal paulistano solicitou informa\u00e7\u00f5es sobre os gastos em di\u00e1rias e as fun\u00e7\u00f5es desempenhadas pelos funcion\u00e1rios nessas miss\u00f5es internacionais.<\/p>\n<p style=\"text-align: justify;\">Al\u00e9m disso, tamb\u00e9m foi questionada a origem dos recursos.<\/p>\n<p style=\"text-align: justify;\">A reportagem tamb\u00e9m questionou o motivo pelo qual o funcion\u00e1rio Marcelo Ribeiro Pires, respons\u00e1vel pela seguran\u00e7a do ministro Dias Toffoli, gastou R$ 99,6 mil em di\u00e1rias para viagens a Londres, no Reino Unido, e Madri, na Espanha.<\/p>\n<h2 id=\"h-falta-de-transparencia-do-stf\" class=\"wp-block-heading\" style=\"text-align: justify;\">Falta de transpar\u00eancia do STF<\/h2>\n<p style=\"text-align: justify;\">Os ministros do STF est\u00e3o sob press\u00e3o por falta de transpar\u00eancia em rela\u00e7\u00e3o aos gastos com viagens para eventos na Europa, sobre os quais n\u00e3o divulgaram informa\u00e7\u00f5es como custeio e per\u00edodo fora do Brasil.<\/p>\n<p style=\"text-align: justify;\">Geralmente, eles n\u00e3o viajam com passagens emitidas pelo \u00f3rg\u00e3o, exceto quando est\u00e3o na presid\u00eancia da corte.<\/p>\n<p style=\"text-align: justify;\">Veja mais not\u00edcias em: <a href=\"http:\/\/www.mspontocom.com.br\">www.mspontocom.com.br<\/a><\/p>\n<p style=\"text-align: justify;\">Nosso X (twitter): @mspontocom<\/p>\n","protected":false},"excerpt":{"rendered":"<p>O STF retirou do ar o seu portal de transpar\u00eancia que fornecia informa\u00e7\u00f5es sobre gastos com passagens, di\u00e1rias, funcion\u00e1rios, contratos e presta\u00e7\u00e3o de contas. A medida foi tomada ap\u00f3s questionamentos feitos pela\u00a0Folha de S. Paulo\u00a0\u00e0 comunica\u00e7\u00e3o do \u00f3rg\u00e3o sobre os pagamentos de di\u00e1rias de funcion\u00e1rios para viagens internacionais. BLA BLA BLA De acordo com o [&hellip;]<\/p>\n","protected":false},"author":2,"featured_media":190845,"comment_status":"open","ping_status":"open","sticky":false,"template":"","format":"standard","meta":{"_monsterinsights_skip_tracking":false,"_monsterinsights_sitenote_active":false,"_monsterinsights_sitenote_note":"","_monsterinsights_sitenote_category":0},"categories":[6,30260,2528,30259,12],"tags":[41267,40856,1894,3014,41266],"aioseo_notices":[],"_links":{"self":[{"href":"https:\/\/mspontocom.com.br\/site\/wp-json\/wp\/v2\/posts\/190838"}],"collection":[{"href":"https:\/\/mspontocom.com.br\/site\/wp-json\/wp\/v2\/posts"}],"about":[{"href":"https:\/\/mspontocom.com.br\/site\/wp-json\/wp\/v2\/types\/post"}],"author":[{"embeddable":true,"href":"https:\/\/mspontocom.com.br\/site\/wp-json\/wp\/v2\/users\/2"}],"replies":[{"embeddable":true,"href":"https:\/\/mspontocom.com.br\/site\/wp-json\/wp\/v2\/comments?post=190838"}],"version-history":[{"count":2,"href":"https:\/\/mspontocom.com.br\/site\/wp-json\/wp\/v2\/posts\/190838\/revisions"}],"predecessor-version":[{"id":190846,"href":"https:\/\/mspontocom.com.br\/site\/wp-json\/wp\/v2\/posts\/190838\/revisions\/190846"}],"wp:featuredmedia":[{"embeddable":true,"href":"https:\/\/mspontocom.com.br\/site\/wp-json\/wp\/v2\/media\/190845"}],"wp:attachment":[{"href":"https:\/\/mspontocom.com.br\/site\/wp-json\/wp\/v2\/media?parent=190838"}],"wp:term":[{"taxonomy":"category","embeddable":true,"href":"https:\/\/mspontocom.com.br\/site\/wp-json\/wp\/v2\/categories?post=190838"},{"taxonomy":"post_tag","embeddable":true,"href":"https:\/\/mspontocom.com.br\/site\/wp-json\/wp\/v2\/tags?post=190838"}],"curies":[{"name":"wp","href":"https:\/\/api.w.org\/{rel}","templated":true}]}}