{"id":190853,"date":"2024-05-19T06:05:38","date_gmt":"2024-05-19T10:05:38","guid":{"rendered":"https:\/\/mspontocom.com.br\/site\/?p=190853"},"modified":"2024-05-19T06:05:38","modified_gmt":"2024-05-19T10:05:38","slug":"aguas-guariroba-incentiva-direcao-defensiva-e-empatia-no-transito","status":"publish","type":"post","link":"https:\/\/mspontocom.com.br\/site\/aguas-guariroba-incentiva-direcao-defensiva-e-empatia-no-transito\/","title":{"rendered":"\u00c1guas Guariroba incentiva dire\u00e7\u00e3o defensiva e empatia no tr\u00e2nsito"},"content":{"rendered":"<p style=\"text-align: justify;\"><img loading=\"lazy\" class=\"alignnone size-full wp-image-190855\" src=\"https:\/\/mspontocom.com.br\/site\/wp-content\/uploads\/2024\/05\/site-aguas-guariroba-incentiva-direcao-defensiva-e-empatia-no-transito-aguas-guariroba-1.jpg\" alt=\"\" width=\"660\" height=\"440\" srcset=\"https:\/\/mspontocom.com.br\/site\/wp-content\/uploads\/2024\/05\/site-aguas-guariroba-incentiva-direcao-defensiva-e-empatia-no-transito-aguas-guariroba-1.jpg 660w, https:\/\/mspontocom.com.br\/site\/wp-content\/uploads\/2024\/05\/site-aguas-guariroba-incentiva-direcao-defensiva-e-empatia-no-transito-aguas-guariroba-1-260x173.jpg 260w\" sizes=\"(max-width: 660px) 100vw, 660px\" \/>Colaboradores da \u00c1guas Guariroba foram recebidos com uma blitz educativa nesta quinta-feira (16), em todas as unidades da concession\u00e1ria. A a\u00e7\u00e3o \u00e9 em alus\u00e3o ao Maio Amarelo, movimento internacional de conscientiza\u00e7\u00e3o para redu\u00e7\u00e3o de acidentes de tr\u00e2nsito.<\/p>\n<p style=\"text-align: justify;\">Conforme o supervisor de seguran\u00e7a do trabalho, Wodon Furtado, a a\u00e7\u00e3o desenvolvida pelo EHS \u2013 setor de meio ambiente, sa\u00fade e seguran\u00e7a do trabalho da \u00c1guas Guariroba, em parceria com a CIPA \u2013 Comiss\u00e3o Interna de Preven\u00e7\u00e3o a Acidentes, foi realizada principalmente para refor\u00e7ar orienta\u00e7\u00f5es de respeito \u00e0s leis, dire\u00e7\u00e3o defensiva e empatia no tr\u00e2nsito. \u201cDurante todo o ano n\u00f3s realizamos a\u00e7\u00f5es relacionadas a conscientiza\u00e7\u00e3o no tr\u00e2nsito, mas neste m\u00eas de maio vamos refor\u00e7ar esse trabalho. Teremos diversas a\u00e7\u00f5es de incentivo a preven\u00e7\u00e3o de acidentes, por exemplo, o check-list de seguran\u00e7a, o uso do cinto de seguran\u00e7a, o respeito aos limites de velocidade, a proibi\u00e7\u00e3o do uso do celular e tamb\u00e9m a empatia no tr\u00e2nsito\u201d, explicou o supervisor.<\/p>\n<p style=\"text-align: justify;\">Durante a blitz educativa, motociclistas e condutores foram abordados e orientados a seguir as regras e leis de tr\u00e2nsito, al\u00e9m de fazer uso dos equipamentos de seguran\u00e7a, todos tamb\u00e9m receberam adesivos educativos e uma cartilha que refor\u00e7a a import\u00e2ncia da preven\u00e7\u00e3o no tr\u00e2nsito.<\/p>\n<p style=\"text-align: justify;\">No dia 22 de maio haver\u00e1 o dia D da campanha Maio Amarelo, com palestras sobre conscientiza\u00e7\u00e3o no tr\u00e2nsito, al\u00e9m de outras a\u00e7\u00f5es.<\/p>\n<p style=\"text-align: justify;\">O Movimento Maio Amarelo foi criado pelo Observat\u00f3rio Nacional de Seguran\u00e7a Vi\u00e1ria em 2014, com a proposta de chamar a aten\u00e7\u00e3o da sociedade para o alto \u00edndice de mortos e feridos no tr\u00e2nsito em todo o mundo. Foi instaurado com base em uma resolu\u00e7\u00e3o da Assembleia-Geral das Na\u00e7\u00f5es Unidas que definiu o per\u00edodo entre 2011 e 2020 como a \u201cD\u00e9cada de A\u00e7\u00f5es para a Seguran\u00e7a no Tr\u00e2nsito\u201d. O m\u00eas de maio foi escolhido por ter sido o m\u00eas em que a resolu\u00e7\u00e3o da ONU foi publicada, em 11 de maio de 2011.<\/p>\n","protected":false},"excerpt":{"rendered":"<p>Colaboradores da \u00c1guas Guariroba foram recebidos com uma blitz educativa nesta quinta-feira (16), em todas as unidades da concession\u00e1ria. A a\u00e7\u00e3o \u00e9 em alus\u00e3o ao Maio Amarelo, movimento internacional de conscientiza\u00e7\u00e3o para redu\u00e7\u00e3o de acidentes de tr\u00e2nsito. Conforme o supervisor de seguran\u00e7a do trabalho, Wodon Furtado, a a\u00e7\u00e3o desenvolvida pelo EHS \u2013 setor de meio [&hellip;]<\/p>\n","protected":false},"author":2,"featured_media":190855,"comment_status":"open","ping_status":"open","sticky":false,"template":"","format":"standard","meta":{"_monsterinsights_skip_tracking":false,"_monsterinsights_sitenote_active":false,"_monsterinsights_sitenote_note":"","_monsterinsights_sitenote_category":0},"categories":[4328],"tags":[5131,41268,38885,462],"aioseo_notices":[],"_links":{"self":[{"href":"https:\/\/mspontocom.com.br\/site\/wp-json\/wp\/v2\/posts\/190853"}],"collection":[{"href":"https:\/\/mspontocom.com.br\/site\/wp-json\/wp\/v2\/posts"}],"about":[{"href":"https:\/\/mspontocom.com.br\/site\/wp-json\/wp\/v2\/types\/post"}],"author":[{"embeddable":true,"href":"https:\/\/mspontocom.com.br\/site\/wp-json\/wp\/v2\/users\/2"}],"replies":[{"embeddable":true,"href":"https:\/\/mspontocom.com.br\/site\/wp-json\/wp\/v2\/comments?post=190853"}],"version-history":[{"count":1,"href":"https:\/\/mspontocom.com.br\/site\/wp-json\/wp\/v2\/posts\/190853\/revisions"}],"predecessor-version":[{"id":190856,"href":"https:\/\/mspontocom.com.br\/site\/wp-json\/wp\/v2\/posts\/190853\/revisions\/190856"}],"wp:featuredmedia":[{"embeddable":true,"href":"https:\/\/mspontocom.com.br\/site\/wp-json\/wp\/v2\/media\/190855"}],"wp:attachment":[{"href":"https:\/\/mspontocom.com.br\/site\/wp-json\/wp\/v2\/media?parent=190853"}],"wp:term":[{"taxonomy":"category","embeddable":true,"href":"https:\/\/mspontocom.com.br\/site\/wp-json\/wp\/v2\/categories?post=190853"},{"taxonomy":"post_tag","embeddable":true,"href":"https:\/\/mspontocom.com.br\/site\/wp-json\/wp\/v2\/tags?post=190853"}],"curies":[{"name":"wp","href":"https:\/\/api.w.org\/{rel}","templated":true}]}}