{"id":190872,"date":"2024-05-20T06:02:49","date_gmt":"2024-05-20T10:02:49","guid":{"rendered":"https:\/\/mspontocom.com.br\/site\/?p=190872"},"modified":"2024-05-20T06:02:49","modified_gmt":"2024-05-20T10:02:49","slug":"bolsonaro-critica-contas-de-lula-e-deficit-de-r1-trilhao","status":"publish","type":"post","link":"https:\/\/mspontocom.com.br\/site\/bolsonaro-critica-contas-de-lula-e-deficit-de-r1-trilhao\/","title":{"rendered":"Bolsonaro critica contas de Lula e d\u00e9ficit de R$1 trilh\u00e3o"},"content":{"rendered":"<p style=\"text-align: justify;\"><img loading=\"lazy\" class=\"alignnone size-full wp-image-190874\" src=\"https:\/\/mspontocom.com.br\/site\/wp-content\/uploads\/2024\/05\/site-bolsonaro-critica-contas-esfaceladas-e-deficit-de-r1-trilhao-bolsolula2.jpeg\" alt=\"\" width=\"848\" height=\"477\" srcset=\"https:\/\/mspontocom.com.br\/site\/wp-content\/uploads\/2024\/05\/site-bolsonaro-critica-contas-esfaceladas-e-deficit-de-r1-trilhao-bolsolula2.jpeg 848w, https:\/\/mspontocom.com.br\/site\/wp-content\/uploads\/2024\/05\/site-bolsonaro-critica-contas-esfaceladas-e-deficit-de-r1-trilhao-bolsolula2-260x146.jpeg 260w, https:\/\/mspontocom.com.br\/site\/wp-content\/uploads\/2024\/05\/site-bolsonaro-critica-contas-esfaceladas-e-deficit-de-r1-trilhao-bolsolula2-768x432.jpeg 768w\" sizes=\"(max-width: 848px) 100vw, 848px\" \/>O ex-presidente da Rep\u00fablica,<strong> Jair Bolsonaro<\/strong> (PL), utilizou suas redes sociais para criticar o governo<strong> Lula<\/strong> (PT), por deixar as <strong>contas p\u00fablicas esfaceladas<\/strong> e alcan\u00e7ar R$1 trilh\u00e3o em d\u00e9ficit, menos de dois anos ap\u00f3s ter atuado para deixar como heran\u00e7a para o petista um ano de 2022 com super\u00e1vit de R$54 bilh\u00f5es.<\/p>\n<p style=\"text-align: justify;\">Bolsonaro condenou a gastan\u00e7a desenfreada e acusou Lula de promover uma deteriora\u00e7\u00e3o sistem\u00e1tica das contas p\u00fablicas.<\/p>\n<p style=\"text-align: justify;\">E exaltou ter obtido super\u00e1vit ano em que foi derrotado pelo petista, ap\u00f3s oito anos de cofres p\u00fablicos no vermelho, e depois de governar em meio \u00e0 pandemia de covid-19 e \u00e0 guerra da Ucr\u00e2nia contra a invas\u00e3o da R\u00fassia.<\/p>\n<p style=\"text-align: justify;\"><em><span style=\"font-size: 14pt;\">\u201cAtualmente o cen\u00e1rio \u00e9 de contas esfaceladas, aumentos explosivos de impostos e sem nenhum retorno vis\u00edvel para a maioria dos brasileiros&#8221;,<\/span><\/em> comentou Bolsonaro, em publica\u00e7\u00e3o na rede social X.<\/p>\n<p style=\"text-align: justify;\">fonte: Davi Soares, Di\u00e1rio do Poder<\/p>\n<p style=\"text-align: justify;\">Veja mais not\u00edcias em: <a href=\"http:\/\/www.mspontocom.com.br\">www.mspontocom.com.br<\/a><\/p>\n<p style=\"text-align: justify;\">Nosso X (twitter): @mspontocom<\/p>\n","protected":false},"excerpt":{"rendered":"<p>O ex-presidente da Rep\u00fablica, Jair Bolsonaro (PL), utilizou suas redes sociais para criticar o governo Lula (PT), por deixar as contas p\u00fablicas esfaceladas e alcan\u00e7ar R$1 trilh\u00e3o em d\u00e9ficit, menos de dois anos ap\u00f3s ter atuado para deixar como heran\u00e7a para o petista um ano de 2022 com super\u00e1vit de R$54 bilh\u00f5es. Bolsonaro condenou a [&hellip;]<\/p>\n","protected":false},"author":2,"featured_media":190874,"comment_status":"open","ping_status":"open","sticky":false,"template":"","format":"standard","meta":{"_monsterinsights_skip_tracking":false,"_monsterinsights_sitenote_active":false,"_monsterinsights_sitenote_note":"","_monsterinsights_sitenote_category":0},"categories":[6,30260,15,30259,12],"tags":[21017,41273,41274],"aioseo_notices":[],"_links":{"self":[{"href":"https:\/\/mspontocom.com.br\/site\/wp-json\/wp\/v2\/posts\/190872"}],"collection":[{"href":"https:\/\/mspontocom.com.br\/site\/wp-json\/wp\/v2\/posts"}],"about":[{"href":"https:\/\/mspontocom.com.br\/site\/wp-json\/wp\/v2\/types\/post"}],"author":[{"embeddable":true,"href":"https:\/\/mspontocom.com.br\/site\/wp-json\/wp\/v2\/users\/2"}],"replies":[{"embeddable":true,"href":"https:\/\/mspontocom.com.br\/site\/wp-json\/wp\/v2\/comments?post=190872"}],"version-history":[{"count":2,"href":"https:\/\/mspontocom.com.br\/site\/wp-json\/wp\/v2\/posts\/190872\/revisions"}],"predecessor-version":[{"id":190875,"href":"https:\/\/mspontocom.com.br\/site\/wp-json\/wp\/v2\/posts\/190872\/revisions\/190875"}],"wp:featuredmedia":[{"embeddable":true,"href":"https:\/\/mspontocom.com.br\/site\/wp-json\/wp\/v2\/media\/190874"}],"wp:attachment":[{"href":"https:\/\/mspontocom.com.br\/site\/wp-json\/wp\/v2\/media?parent=190872"}],"wp:term":[{"taxonomy":"category","embeddable":true,"href":"https:\/\/mspontocom.com.br\/site\/wp-json\/wp\/v2\/categories?post=190872"},{"taxonomy":"post_tag","embeddable":true,"href":"https:\/\/mspontocom.com.br\/site\/wp-json\/wp\/v2\/tags?post=190872"}],"curies":[{"name":"wp","href":"https:\/\/api.w.org\/{rel}","templated":true}]}}