{"id":190885,"date":"2024-05-20T05:55:59","date_gmt":"2024-05-20T09:55:59","guid":{"rendered":"https:\/\/mspontocom.com.br\/site\/?p=190885"},"modified":"2024-05-20T08:18:24","modified_gmt":"2024-05-20T12:18:24","slug":"ms-day-internacional-governador-finaliza-semana-em-ny","status":"publish","type":"post","link":"https:\/\/mspontocom.com.br\/site\/ms-day-internacional-governador-finaliza-semana-em-ny\/","title":{"rendered":"MS DAY INTERNACIONAL: Governador finaliza semana em NY"},"content":{"rendered":"<p style=\"text-align: justify;\"><img loading=\"lazy\" class=\"alignnone size-full wp-image-190893\" src=\"https:\/\/mspontocom.com.br\/site\/wp-content\/uploads\/2024\/05\/site-ms-day-internacional-governador-finaliza-semana-em-nova-iorque-ms-day-nyc-730x480-1.jpeg\" alt=\"\" width=\"730\" height=\"480\" srcset=\"https:\/\/mspontocom.com.br\/site\/wp-content\/uploads\/2024\/05\/site-ms-day-internacional-governador-finaliza-semana-em-nova-iorque-ms-day-nyc-730x480-1.jpeg 730w, https:\/\/mspontocom.com.br\/site\/wp-content\/uploads\/2024\/05\/site-ms-day-internacional-governador-finaliza-semana-em-nova-iorque-ms-day-nyc-730x480-1-260x171.jpeg 260w\" sizes=\"(max-width: 730px) 100vw, 730px\" \/>O governador Eduardo Riedel avaliou como extremamente positiva a semana intensa de reuni\u00f5es e eventos em Nova Iorque, por meio do MS Day Internacional.<\/p>\n<p style=\"text-align: justify;\">Neste per\u00edodo, empresas, bancos e grupos internacionais discutiram novos investimentos no Estado e at\u00e9 a participa\u00e7\u00e3o em projetos de PPP (Parceria P\u00fablico-Privada) e concess\u00f5es, que Mato Grosso do Sul vai promover no segundo semestre.<\/p>\n<p style=\"text-align: justify;\"><span style=\"font-size: 14pt;\"><em>&#8220;Foi uma semana extremamente positiva, com neg\u00f3cios sendo viabilizados e o mercado ansioso, aguardando os projetos do Estado para o segundo semestre, que desejam participar. A consequ\u00eancia de todo este movimento que fizemos fora do pa\u00eds \u00e9 a atra\u00e7\u00e3o de investimentos, para gerar crescimento, desenvolvimento, gera\u00e7\u00e3o de empregos renda a popula\u00e7\u00e3o&#8221;.<\/em><\/span><\/p>\n<p style=\"text-align: justify;\">Durante a semana o governador participou em Nova Iorque de dois eventos sociais importantes, que tiveram a participa\u00e7\u00e3o de empres\u00e1rios de todos os segmentos.<\/p>\n<p style=\"text-align: justify;\">O Semin\u00e1rio do Valor Econ\u00f4mico e o Lide (Grupo de L\u00edderes Empresariais).<\/p>\n<p style=\"text-align: justify;\">Tamb\u00e9m foram realizadas reuni\u00f5es individuais com empresas e institui\u00e7\u00f5es banc\u00e1rias, como a BTG Pactual.<\/p>\n<p style=\"text-align: justify;\">L\u00e1 em Nova Iorque, inclusive, foi feito o an\u00fancio da vinda de um empreendimento inovador na produ\u00e7\u00e3o de col\u00e1geno org\u00e2nico.<\/p>\n<p style=\"text-align: justify;\">A empresa, focada no mercado dos EUA, j\u00e1 possui planta no interior paulista, mas agora vai apostar em Mato Grosso do Sul.<\/p>\n<p style=\"text-align: justify;\"><strong>Novas oportunidades<\/strong><\/p>\n<p style=\"text-align: justify;\">Com um cen\u00e1rio positivo para atrair novos neg\u00f3cios, o Governo de Mato Grosso do Sul, em parceria com a Fiems, realizou o MS Day Internacional, em Nova Iorque, entre os dias 12 e 17 de maio de 2024.<\/p>\n<p style=\"text-align: justify;\">O evento fez parte da Brazilian Week, semana com discuss\u00f5es sobre desafios do cen\u00e1rio internacional e da economia brasileira.<\/p>\n<p style=\"text-align: justify;\">fonte: Leonardo Rocha, Comunica\u00e7\u00e3o<\/p>\n<p style=\"text-align: justify;\">Foto: Divulga\u00e7\u00e3o<\/p>\n<p style=\"text-align: justify;\">Veja mais not\u00edcias em: <a href=\"http:\/\/www.mspontocom.com.br\">www.mspontocom.com.br<\/a><\/p>\n<p style=\"text-align: justify;\">Nosso X (twitter): @mspontocom<\/p>\n","protected":false},"excerpt":{"rendered":"<p>O governador Eduardo Riedel avaliou como extremamente positiva a semana intensa de reuni\u00f5es e eventos em Nova Iorque, por meio do MS Day Internacional. Neste per\u00edodo, empresas, bancos e grupos internacionais discutiram novos investimentos no Estado e at\u00e9 a participa\u00e7\u00e3o em projetos de PPP (Parceria P\u00fablico-Privada) e concess\u00f5es, que Mato Grosso do Sul vai promover [&hellip;]<\/p>\n","protected":false},"author":2,"featured_media":190893,"comment_status":"open","ping_status":"open","sticky":false,"template":"","format":"standard","meta":{"_monsterinsights_skip_tracking":false,"_monsterinsights_sitenote_active":false,"_monsterinsights_sitenote_note":"","_monsterinsights_sitenote_category":0},"categories":[74],"tags":[92,41280,41204,41281],"aioseo_notices":[],"_links":{"self":[{"href":"https:\/\/mspontocom.com.br\/site\/wp-json\/wp\/v2\/posts\/190885"}],"collection":[{"href":"https:\/\/mspontocom.com.br\/site\/wp-json\/wp\/v2\/posts"}],"about":[{"href":"https:\/\/mspontocom.com.br\/site\/wp-json\/wp\/v2\/types\/post"}],"author":[{"embeddable":true,"href":"https:\/\/mspontocom.com.br\/site\/wp-json\/wp\/v2\/users\/2"}],"replies":[{"embeddable":true,"href":"https:\/\/mspontocom.com.br\/site\/wp-json\/wp\/v2\/comments?post=190885"}],"version-history":[{"count":2,"href":"https:\/\/mspontocom.com.br\/site\/wp-json\/wp\/v2\/posts\/190885\/revisions"}],"predecessor-version":[{"id":190894,"href":"https:\/\/mspontocom.com.br\/site\/wp-json\/wp\/v2\/posts\/190885\/revisions\/190894"}],"wp:featuredmedia":[{"embeddable":true,"href":"https:\/\/mspontocom.com.br\/site\/wp-json\/wp\/v2\/media\/190893"}],"wp:attachment":[{"href":"https:\/\/mspontocom.com.br\/site\/wp-json\/wp\/v2\/media?parent=190885"}],"wp:term":[{"taxonomy":"category","embeddable":true,"href":"https:\/\/mspontocom.com.br\/site\/wp-json\/wp\/v2\/categories?post=190885"},{"taxonomy":"post_tag","embeddable":true,"href":"https:\/\/mspontocom.com.br\/site\/wp-json\/wp\/v2\/tags?post=190885"}],"curies":[{"name":"wp","href":"https:\/\/api.w.org\/{rel}","templated":true}]}}