{"id":191006,"date":"2024-05-25T07:06:51","date_gmt":"2024-05-25T11:06:51","guid":{"rendered":"https:\/\/mspontocom.com.br\/site\/?p=191006"},"modified":"2024-05-25T07:06:51","modified_gmt":"2024-05-25T11:06:51","slug":"bolsonaro-lidera-e-tebet-desaparece-para-2026","status":"publish","type":"post","link":"https:\/\/mspontocom.com.br\/site\/bolsonaro-lidera-e-tebet-desaparece-para-2026\/","title":{"rendered":"Bolsonaro lidera e Tebet \u2018desaparece\u2019 para 2026"},"content":{"rendered":"<p style=\"text-align: justify;\"><img loading=\"lazy\" class=\"alignnone size-full wp-image-191007\" src=\"https:\/\/mspontocom.com.br\/site\/wp-content\/uploads\/2024\/05\/site-bolsonaro-lidera-e-tebet-desaparece-para-2026-tebet.webp\" alt=\"\" width=\"720\" height=\"440\" srcset=\"https:\/\/mspontocom.com.br\/site\/wp-content\/uploads\/2024\/05\/site-bolsonaro-lidera-e-tebet-desaparece-para-2026-tebet.webp 720w, https:\/\/mspontocom.com.br\/site\/wp-content\/uploads\/2024\/05\/site-bolsonaro-lidera-e-tebet-desaparece-para-2026-tebet-260x159.webp 260w\" sizes=\"(max-width: 720px) 100vw, 720px\" \/>Terceira colocada na elei\u00e7\u00e3o presidencial de 2022 e atual ministra de Lula, <strong>Simone Tebet<\/strong> (Planejamento) aparece s\u00f3 no cen\u00e1rio espont\u00e2neo (e com raqu\u00edticos 0,2% das inten\u00e7\u00f5es de voto) do levantamento nacional do Paran\u00e1 Pesquisas sobre a sucess\u00e3o presidencial em 2026.<\/p>\n<p style=\"text-align: justify;\"><strong>Lula<\/strong> aparece 2,8 pontos percentuais atr\u00e1s do ex-presidente<strong> Jair Bolsonaro<\/strong> (PL) na principal simula\u00e7\u00e3o da pesquisa, enquanto <strong>Tebet<\/strong> mostra que j\u00e1 n\u00e3o tem votos para qualquer disputa.<\/p>\n<div id=\"Nota-7\" class=\"entry-block ch-nota Nota-7\" style=\"text-align: justify;\">\n<h3>Derreteu<\/h3>\n<\/div>\n<p style=\"text-align: justify;\">Tebet teve 4,16% em 2022, 4,9 milh\u00f5es de votos. Na pesquisa desta semana, ela perde para Ronaldo Caiado (Uni\u00e3o) e Ciro Gomes (PDT).<\/p>\n<div id=\"Nota-8\" class=\"entry-block ch-nota Nota-8\" style=\"text-align: justify;\"><\/div>\n<div id=\"Nota-9\" class=\"entry-block ch-nota Nota-9\" style=\"text-align: justify;\"><\/div>\n<div id=\"Nota-10\" class=\"entry-block ch-nota Nota-10\" style=\"text-align: justify;\">\n<h3>Biroliro deixou saudades?<\/h3>\n<\/div>\n<p style=\"text-align: justify;\">Desde agosto de 2023, aponta o Paran\u00e1 Pesquisas, Lula (PT) perdeu mais de seis pontos (48% a 41,7%%) em simula\u00e7\u00f5es de disputa de segundo turno contra Bolsonaro, que passou de 38,5% para 42%.<\/p>\n<p style=\"text-align: justify;\">fonte: Di\u00e1rio do Poder<\/p>\n<p style=\"text-align: justify;\">Veja mais not\u00edcias em <a href=\"http:\/\/www.mspontocom.com.br\">www.mspontocom.com.br<\/a><\/p>\n<p style=\"text-align: justify;\">Nosso X (antigo Twitter) @mspontocom<\/p>\n<p style=\"text-align: justify;\">\n","protected":false},"excerpt":{"rendered":"<p>Terceira colocada na elei\u00e7\u00e3o presidencial de 2022 e atual ministra de Lula, Simone Tebet (Planejamento) aparece s\u00f3 no cen\u00e1rio espont\u00e2neo (e com raqu\u00edticos 0,2% das inten\u00e7\u00f5es de voto) do levantamento nacional do Paran\u00e1 Pesquisas sobre a sucess\u00e3o presidencial em 2026. Lula aparece 2,8 pontos percentuais atr\u00e1s do ex-presidente Jair Bolsonaro (PL) na principal simula\u00e7\u00e3o da [&hellip;]<\/p>\n","protected":false},"author":2,"featured_media":191007,"comment_status":"open","ping_status":"open","sticky":false,"template":"","format":"standard","meta":{"_monsterinsights_skip_tracking":false,"_monsterinsights_sitenote_active":false,"_monsterinsights_sitenote_note":"","_monsterinsights_sitenote_category":0},"categories":[6,30260,30259,12],"tags":[34531,41306,41307],"aioseo_notices":[],"_links":{"self":[{"href":"https:\/\/mspontocom.com.br\/site\/wp-json\/wp\/v2\/posts\/191006"}],"collection":[{"href":"https:\/\/mspontocom.com.br\/site\/wp-json\/wp\/v2\/posts"}],"about":[{"href":"https:\/\/mspontocom.com.br\/site\/wp-json\/wp\/v2\/types\/post"}],"author":[{"embeddable":true,"href":"https:\/\/mspontocom.com.br\/site\/wp-json\/wp\/v2\/users\/2"}],"replies":[{"embeddable":true,"href":"https:\/\/mspontocom.com.br\/site\/wp-json\/wp\/v2\/comments?post=191006"}],"version-history":[{"count":1,"href":"https:\/\/mspontocom.com.br\/site\/wp-json\/wp\/v2\/posts\/191006\/revisions"}],"predecessor-version":[{"id":191008,"href":"https:\/\/mspontocom.com.br\/site\/wp-json\/wp\/v2\/posts\/191006\/revisions\/191008"}],"wp:featuredmedia":[{"embeddable":true,"href":"https:\/\/mspontocom.com.br\/site\/wp-json\/wp\/v2\/media\/191007"}],"wp:attachment":[{"href":"https:\/\/mspontocom.com.br\/site\/wp-json\/wp\/v2\/media?parent=191006"}],"wp:term":[{"taxonomy":"category","embeddable":true,"href":"https:\/\/mspontocom.com.br\/site\/wp-json\/wp\/v2\/categories?post=191006"},{"taxonomy":"post_tag","embeddable":true,"href":"https:\/\/mspontocom.com.br\/site\/wp-json\/wp\/v2\/tags?post=191006"}],"curies":[{"name":"wp","href":"https:\/\/api.w.org\/{rel}","templated":true}]}}