{"id":191025,"date":"2024-05-26T06:43:23","date_gmt":"2024-05-26T10:43:23","guid":{"rendered":"https:\/\/mspontocom.com.br\/site\/?p=191025"},"modified":"2024-05-26T06:43:23","modified_gmt":"2024-05-26T10:43:23","slug":"gafes-no-rs-pioram-imagem-do-governo-lula-diz-pesquisa","status":"publish","type":"post","link":"https:\/\/mspontocom.com.br\/site\/gafes-no-rs-pioram-imagem-do-governo-lula-diz-pesquisa\/","title":{"rendered":"Gafes no RS pioram imagem do governo Lula, diz pesquisa"},"content":{"rendered":"<p style=\"text-align: justify;\"><img loading=\"lazy\" class=\"alignnone size-full wp-image-191026\" src=\"https:\/\/mspontocom.com.br\/site\/wp-content\/uploads\/2024\/05\/site-gafes-no-rs-pioram-imagem-do-governo-lula-diz-pesquisa-lula-livre-rindo.jpeg\" alt=\"\" width=\"696\" height=\"464\" srcset=\"https:\/\/mspontocom.com.br\/site\/wp-content\/uploads\/2024\/05\/site-gafes-no-rs-pioram-imagem-do-governo-lula-diz-pesquisa-lula-livre-rindo.jpeg 696w, https:\/\/mspontocom.com.br\/site\/wp-content\/uploads\/2024\/05\/site-gafes-no-rs-pioram-imagem-do-governo-lula-diz-pesquisa-lula-livre-rindo-260x173.jpeg 260w\" sizes=\"(max-width: 696px) 100vw, 696px\" \/>Os desdobramentos das enchentes no Rio Grande do Sul fizeram de maio o pior m\u00eas para a imagem do governo<strong> Lula (<\/strong>PT) neste terceiro mandato do presidente.<\/p>\n<p style=\"text-align: justify;\">\u00c9 o que mostram pesquisas internas do Planalto.<\/p>\n<p style=\"text-align: justify;\">Pesquisas encomendadas pela pr\u00f3pria gest\u00e3o mostram que o governo sai arranhado da trag\u00e9dia.<\/p>\n<p style=\"text-align: justify;\">Entre os principais motivos est\u00e3o o entendimento de que os \u00f3rg\u00e3os p\u00fablicos demoraram a agir e as <strong>gafes do presidente Lula e da primeira-dama, Janja da Silva.<\/strong><\/p>\n<p style=\"text-align: justify;\">Falas de<strong> Lula e Janja<\/strong> tiveram repercuss\u00e3o negativa nas redes e at\u00e9 entre a bancada.<\/p>\n<p style=\"text-align: justify;\">Aliados e pessoas ligadas ao governo citam os casos da declara\u00e7\u00e3o de Lula sobre n\u00e3o saber que havia tantos negros no RS, o destaque dado por Janja ao resgate do <strong>cavalo Caramelo<\/strong> e a foto da primeira-dama com cestas de alimentos no avi\u00e3o da FAB (For\u00e7a A\u00e9rea Brasileira).<\/p>\n<p style=\"text-align: justify;\">Para pessoas pr\u00f3ximas e interlocutores do governo, a fala do presidente, que disse <strong>n\u00e3o saber que havia &#8220;tantos negros no Rio Grande do Sul&#8221;<\/strong>, e a\u00e7\u00f5es da primeira-dama desviaram a aten\u00e7\u00e3o das a\u00e7\u00f5es do governo.<\/p>\n<p>Veja mais not\u00edcias em <a href=\"http:\/\/www.mspontocom.com.br\">www.mspontocom.com.br<\/a><\/p>\n<p>Nosso X (antigo Twitter) @mspontocom<\/p>\n","protected":false},"excerpt":{"rendered":"<p>Os desdobramentos das enchentes no Rio Grande do Sul fizeram de maio o pior m\u00eas para a imagem do governo Lula (PT) neste terceiro mandato do presidente. \u00c9 o que mostram pesquisas internas do Planalto. Pesquisas encomendadas pela pr\u00f3pria gest\u00e3o mostram que o governo sai arranhado da trag\u00e9dia. Entre os principais motivos est\u00e3o o entendimento [&hellip;]<\/p>\n","protected":false},"author":2,"featured_media":191026,"comment_status":"open","ping_status":"open","sticky":false,"template":"","format":"standard","meta":{"_monsterinsights_skip_tracking":false,"_monsterinsights_sitenote_active":false,"_monsterinsights_sitenote_note":"","_monsterinsights_sitenote_category":0},"categories":[6,30260,30259,12],"tags":[40830,78,6855,480,29816],"aioseo_notices":[],"_links":{"self":[{"href":"https:\/\/mspontocom.com.br\/site\/wp-json\/wp\/v2\/posts\/191025"}],"collection":[{"href":"https:\/\/mspontocom.com.br\/site\/wp-json\/wp\/v2\/posts"}],"about":[{"href":"https:\/\/mspontocom.com.br\/site\/wp-json\/wp\/v2\/types\/post"}],"author":[{"embeddable":true,"href":"https:\/\/mspontocom.com.br\/site\/wp-json\/wp\/v2\/users\/2"}],"replies":[{"embeddable":true,"href":"https:\/\/mspontocom.com.br\/site\/wp-json\/wp\/v2\/comments?post=191025"}],"version-history":[{"count":1,"href":"https:\/\/mspontocom.com.br\/site\/wp-json\/wp\/v2\/posts\/191025\/revisions"}],"predecessor-version":[{"id":191027,"href":"https:\/\/mspontocom.com.br\/site\/wp-json\/wp\/v2\/posts\/191025\/revisions\/191027"}],"wp:featuredmedia":[{"embeddable":true,"href":"https:\/\/mspontocom.com.br\/site\/wp-json\/wp\/v2\/media\/191026"}],"wp:attachment":[{"href":"https:\/\/mspontocom.com.br\/site\/wp-json\/wp\/v2\/media?parent=191025"}],"wp:term":[{"taxonomy":"category","embeddable":true,"href":"https:\/\/mspontocom.com.br\/site\/wp-json\/wp\/v2\/categories?post=191025"},{"taxonomy":"post_tag","embeddable":true,"href":"https:\/\/mspontocom.com.br\/site\/wp-json\/wp\/v2\/tags?post=191025"}],"curies":[{"name":"wp","href":"https:\/\/api.w.org\/{rel}","templated":true}]}}