{"id":191035,"date":"2024-05-27T06:09:08","date_gmt":"2024-05-27T10:09:08","guid":{"rendered":"https:\/\/mspontocom.com.br\/site\/?p=191035"},"modified":"2024-05-27T06:09:08","modified_gmt":"2024-05-27T10:09:08","slug":"agro-diz-que-o-governo-lula-inflacionou-o-preco-do-arroz","status":"publish","type":"post","link":"https:\/\/mspontocom.com.br\/site\/agro-diz-que-o-governo-lula-inflacionou-o-preco-do-arroz\/","title":{"rendered":"Agro diz que o governo Lula inflacionou o pre\u00e7o do arroz"},"content":{"rendered":"<p style=\"text-align: justify;\"><img loading=\"lazy\" class=\"alignnone size-full wp-image-191041\" src=\"https:\/\/mspontocom.com.br\/site\/wp-content\/uploads\/2024\/05\/site-agro-diz-que-o-governo-lula-inflacionou-o-preco-do-arroz-arroz.jpeg\" alt=\"\" width=\"800\" height=\"449\" srcset=\"https:\/\/mspontocom.com.br\/site\/wp-content\/uploads\/2024\/05\/site-agro-diz-que-o-governo-lula-inflacionou-o-preco-do-arroz-arroz.jpeg 800w, https:\/\/mspontocom.com.br\/site\/wp-content\/uploads\/2024\/05\/site-agro-diz-que-o-governo-lula-inflacionou-o-preco-do-arroz-arroz-260x146.jpeg 260w, https:\/\/mspontocom.com.br\/site\/wp-content\/uploads\/2024\/05\/site-agro-diz-que-o-governo-lula-inflacionou-o-preco-do-arroz-arroz-768x431.jpeg 768w\" sizes=\"(max-width: 800px) 100vw, 800px\" \/>No in\u00edcio do m\u00eas, quando as chuvas j\u00e1 tinham devastado o Rio Grande do Sul, o presidente<strong> Lula<\/strong> anunciou que importaria arroz para evitar a falta do produto.<\/p>\n<p style=\"text-align: justify;\">Na sequ\u00eancia, o governo anunciou a decis\u00e3o de zerar a al\u00edquota de importa\u00e7\u00e3o para pa\u00edses de fora do Mercosul e comprar um milh\u00e3o de toneladas do produto.<\/p>\n<p style=\"text-align: justify;\">O resultado dessa combina\u00e7\u00e3o de not\u00edcias foi imediato:<strong> a procura aumentou e o pre\u00e7o do arroz subiu nas prateleiras dos supermercados. <\/strong><\/p>\n<p style=\"text-align: justify;\">Para um dos vice-presidentes da Federa\u00e7\u00e3o da Agricultura do Rio Grande do Sul Farsul), Domingos Velho, se criou uma onda desnecess\u00e1ria.<\/p>\n<p style=\"text-align: justify;\">Ele afirma que, apesar do desastre, n\u00e3o havia a possibilidade de faltar arroz.<\/p>\n<p style=\"text-align: justify;\"><em>\u201cComo \u00e9 que podemos falar em desabastecimento em plena safra? Devemos produzir 7,2 milh\u00f5es de toneladas no Rio Grande do Sul, exatamente o mesmo n\u00famero do ano passado\u201d<\/em>, diz Domingos.<\/p>\n<p style=\"text-align: justify;\"><span style=\"font-size: 18pt;\"><strong>Federa\u00e7\u00e3o diz que governo errou<\/strong><\/span><\/p>\n<p style=\"text-align: justify;\">Outro vice-presidente da Farsul, Paulo Ricardo Dias, diz que o governo federal \u201cconfundiu\u201d e inflacionou o mercado ao levantar d\u00favidas sobre a colheita, anunciar a \u00a0compra de arroz e ainda reduzir as tarifas.<\/p>\n<p style=\"text-align: justify;\"><em> \u201cO an\u00fancio foi precipitado, para n\u00e3o dizer incompetente\u201d<\/em>, criticou. \u201cN\u00e3o existe desabastecimento de arroz em lugar nenhum\u201d, ressalta.<\/p>\n<p>&nbsp;<\/p>\n<p>fonte: Veja<\/p>\n<p>Veja mais not\u00edcias em <a href=\"http:\/\/www.mspontocom.com.br\">www.mspontocom.com.br<\/a><\/p>\n<p>Nosso X (antigo Twitter) @mspontocom<\/p>\n<p>&nbsp;<\/p>\n<p>&nbsp;<\/p>\n<p>&nbsp;<\/p>\n<p>&nbsp;<\/p>\n<p>..<\/p>\n<p>&nbsp;<\/p>\n<p>&nbsp;<\/p>\n","protected":false},"excerpt":{"rendered":"<p>No in\u00edcio do m\u00eas, quando as chuvas j\u00e1 tinham devastado o Rio Grande do Sul, o presidente Lula anunciou que importaria arroz para evitar a falta do produto. Na sequ\u00eancia, o governo anunciou a decis\u00e3o de zerar a al\u00edquota de importa\u00e7\u00e3o para pa\u00edses de fora do Mercosul e comprar um milh\u00e3o de toneladas do produto. [&hellip;]<\/p>\n","protected":false},"author":2,"featured_media":191041,"comment_status":"open","ping_status":"open","sticky":false,"template":"","format":"standard","meta":{"_monsterinsights_skip_tracking":false,"_monsterinsights_sitenote_active":false,"_monsterinsights_sitenote_note":"","_monsterinsights_sitenote_category":0},"categories":[6,30260,15,30259,12],"tags":[19200,12435,41313,480],"aioseo_notices":[],"_links":{"self":[{"href":"https:\/\/mspontocom.com.br\/site\/wp-json\/wp\/v2\/posts\/191035"}],"collection":[{"href":"https:\/\/mspontocom.com.br\/site\/wp-json\/wp\/v2\/posts"}],"about":[{"href":"https:\/\/mspontocom.com.br\/site\/wp-json\/wp\/v2\/types\/post"}],"author":[{"embeddable":true,"href":"https:\/\/mspontocom.com.br\/site\/wp-json\/wp\/v2\/users\/2"}],"replies":[{"embeddable":true,"href":"https:\/\/mspontocom.com.br\/site\/wp-json\/wp\/v2\/comments?post=191035"}],"version-history":[{"count":2,"href":"https:\/\/mspontocom.com.br\/site\/wp-json\/wp\/v2\/posts\/191035\/revisions"}],"predecessor-version":[{"id":191042,"href":"https:\/\/mspontocom.com.br\/site\/wp-json\/wp\/v2\/posts\/191035\/revisions\/191042"}],"wp:featuredmedia":[{"embeddable":true,"href":"https:\/\/mspontocom.com.br\/site\/wp-json\/wp\/v2\/media\/191041"}],"wp:attachment":[{"href":"https:\/\/mspontocom.com.br\/site\/wp-json\/wp\/v2\/media?parent=191035"}],"wp:term":[{"taxonomy":"category","embeddable":true,"href":"https:\/\/mspontocom.com.br\/site\/wp-json\/wp\/v2\/categories?post=191035"},{"taxonomy":"post_tag","embeddable":true,"href":"https:\/\/mspontocom.com.br\/site\/wp-json\/wp\/v2\/tags?post=191035"}],"curies":[{"name":"wp","href":"https:\/\/api.w.org\/{rel}","templated":true}]}}