{"id":191043,"date":"2024-05-27T06:17:15","date_gmt":"2024-05-27T10:17:15","guid":{"rendered":"https:\/\/mspontocom.com.br\/site\/?p=191043"},"modified":"2024-05-27T06:17:15","modified_gmt":"2024-05-27T10:17:15","slug":"moraes-cumpre-missao-e-mantem-bolsonaro-inelegivel","status":"publish","type":"post","link":"https:\/\/mspontocom.com.br\/site\/moraes-cumpre-missao-e-mantem-bolsonaro-inelegivel\/","title":{"rendered":"Moraes &#8220;cumpre miss\u00e3o&#8221; e mant\u00e9m Bolsonaro ineleg\u00edvel"},"content":{"rendered":"<p style=\"text-align: justify;\"><img loading=\"lazy\" class=\"alignnone size-full wp-image-191044\" src=\"https:\/\/mspontocom.com.br\/site\/wp-content\/uploads\/2024\/05\/site-moraes-cumpre-missao-e-mantem-bolsonaro-inelegivel-stf.jpg\" alt=\"\" width=\"1280\" height=\"720\" srcset=\"https:\/\/mspontocom.com.br\/site\/wp-content\/uploads\/2024\/05\/site-moraes-cumpre-missao-e-mantem-bolsonaro-inelegivel-stf.jpg 1280w, https:\/\/mspontocom.com.br\/site\/wp-content\/uploads\/2024\/05\/site-moraes-cumpre-missao-e-mantem-bolsonaro-inelegivel-stf-260x146.jpg 260w, https:\/\/mspontocom.com.br\/site\/wp-content\/uploads\/2024\/05\/site-moraes-cumpre-missao-e-mantem-bolsonaro-inelegivel-stf-1024x576.jpg 1024w, https:\/\/mspontocom.com.br\/site\/wp-content\/uploads\/2024\/05\/site-moraes-cumpre-missao-e-mantem-bolsonaro-inelegivel-stf-768x432.jpg 768w\" sizes=\"(max-width: 1280px) 100vw, 1280px\" \/>O ministro Alexandre de Moraes negou um recurso da defesa do ex-presidente Jair Bolsonaro (PL) e de seu candidato a vice em 2022, Walter Braga Netto (PL), contra a decis\u00e3o que os declarou ineleg\u00edveis.<\/p>\n<p style=\"text-align: justify;\">A decis\u00e3o de Moraes se refere \u00e0 condena\u00e7\u00e3o que se deu pelas comemora\u00e7\u00f5es do Bicenten\u00e1rio da Independ\u00eancia em Bras\u00edlia e no Rio de Janeiro que foram consideradas como eventos eleitorais.<\/p>\n<p style=\"text-align: justify;\"><strong>Moraes cumpriu &#8220;sua miss\u00e3o&#8221; tamb\u00e9m.<\/strong><\/p>\n<p style=\"text-align: justify;\">Em 2022, ao ser chamado por Moraes para conduzir o presidente da Rep\u00fablica eleito, Luiz In\u00e1cio Lula da Silva, \u00e0 mesa para diploma\u00e7\u00e3o, o ministro do TSE Benedito Gon\u00e7alves parou, abra\u00e7ou Moraes e disse: <strong>\u201cMiss\u00e3o dada \u00e9 miss\u00e3o cumprida\u201d.<\/strong><\/p>\n<p>Veja mais not\u00edcias em <a href=\"http:\/\/www.mspontocom.com.br\">www.mspontocom.com.br<\/a><\/p>\n<p>Nosso X (antigo Twitter) @mspontocom<\/p>\n<p>&nbsp;<\/p>\n","protected":false},"excerpt":{"rendered":"<p>O ministro Alexandre de Moraes negou um recurso da defesa do ex-presidente Jair Bolsonaro (PL) e de seu candidato a vice em 2022, Walter Braga Netto (PL), contra a decis\u00e3o que os declarou ineleg\u00edveis. A decis\u00e3o de Moraes se refere \u00e0 condena\u00e7\u00e3o que se deu pelas comemora\u00e7\u00f5es do Bicenten\u00e1rio da Independ\u00eancia em Bras\u00edlia e no [&hellip;]<\/p>\n","protected":false},"author":2,"featured_media":191044,"comment_status":"open","ping_status":"open","sticky":false,"template":"","format":"standard","meta":{"_monsterinsights_skip_tracking":false,"_monsterinsights_sitenote_active":false,"_monsterinsights_sitenote_note":"","_monsterinsights_sitenote_category":0},"categories":[6,30260,2528,30259,12],"tags":[21017,27652,21760,35247],"aioseo_notices":[],"_links":{"self":[{"href":"https:\/\/mspontocom.com.br\/site\/wp-json\/wp\/v2\/posts\/191043"}],"collection":[{"href":"https:\/\/mspontocom.com.br\/site\/wp-json\/wp\/v2\/posts"}],"about":[{"href":"https:\/\/mspontocom.com.br\/site\/wp-json\/wp\/v2\/types\/post"}],"author":[{"embeddable":true,"href":"https:\/\/mspontocom.com.br\/site\/wp-json\/wp\/v2\/users\/2"}],"replies":[{"embeddable":true,"href":"https:\/\/mspontocom.com.br\/site\/wp-json\/wp\/v2\/comments?post=191043"}],"version-history":[{"count":1,"href":"https:\/\/mspontocom.com.br\/site\/wp-json\/wp\/v2\/posts\/191043\/revisions"}],"predecessor-version":[{"id":191045,"href":"https:\/\/mspontocom.com.br\/site\/wp-json\/wp\/v2\/posts\/191043\/revisions\/191045"}],"wp:featuredmedia":[{"embeddable":true,"href":"https:\/\/mspontocom.com.br\/site\/wp-json\/wp\/v2\/media\/191044"}],"wp:attachment":[{"href":"https:\/\/mspontocom.com.br\/site\/wp-json\/wp\/v2\/media?parent=191043"}],"wp:term":[{"taxonomy":"category","embeddable":true,"href":"https:\/\/mspontocom.com.br\/site\/wp-json\/wp\/v2\/categories?post=191043"},{"taxonomy":"post_tag","embeddable":true,"href":"https:\/\/mspontocom.com.br\/site\/wp-json\/wp\/v2\/tags?post=191043"}],"curies":[{"name":"wp","href":"https:\/\/api.w.org\/{rel}","templated":true}]}}