{"id":191062,"date":"2024-05-28T05:56:23","date_gmt":"2024-05-28T09:56:23","guid":{"rendered":"https:\/\/mspontocom.com.br\/site\/?p=191062"},"modified":"2024-05-28T05:56:23","modified_gmt":"2024-05-28T09:56:23","slug":"convocado-ato-fora-lula-dia-9-na-avenida-paulista","status":"publish","type":"post","link":"https:\/\/mspontocom.com.br\/site\/convocado-ato-fora-lula-dia-9-na-avenida-paulista\/","title":{"rendered":"Convocado ato \u2018Fora Lula\u2019 dia 9, na Avenida Paulista"},"content":{"rendered":"<p style=\"text-align: justify;\"><img loading=\"lazy\" class=\"alignnone size-full wp-image-191084\" src=\"https:\/\/mspontocom.com.br\/site\/wp-content\/uploads\/2024\/05\/site-convocado-ato-fora-lula-dia-9-na-avenida-paulista-eu-vou.jpg\" alt=\"\" width=\"680\" height=\"680\" srcset=\"https:\/\/mspontocom.com.br\/site\/wp-content\/uploads\/2024\/05\/site-convocado-ato-fora-lula-dia-9-na-avenida-paulista-eu-vou.jpg 680w, https:\/\/mspontocom.com.br\/site\/wp-content\/uploads\/2024\/05\/site-convocado-ato-fora-lula-dia-9-na-avenida-paulista-eu-vou-260x260.jpg 260w, https:\/\/mspontocom.com.br\/site\/wp-content\/uploads\/2024\/05\/site-convocado-ato-fora-lula-dia-9-na-avenida-paulista-eu-vou-150x150.jpg 150w\" sizes=\"(max-width: 680px) 100vw, 680px\" \/>A deputada federal Carla Zambelli (PL-SP) com o apoio de outros <strong>parlamentares de direita,<\/strong> convocou por meio de suas redes sociais\u00a0 um ato contra presidente Luiz In\u00e1cio Lula da Silva para 9 de junho, um domingo, \u00e0s 14h, na avenida Paulista, em frente no Masp .<\/p>\n<p style=\"text-align: justify;\">Zambelli escreveu que ser\u00e3o permitidos cartazes pedindo <strong>impeachment de Lula,<\/strong> em apoio ao Rio Grande do Sul, \u00e0 liberdade de express\u00e3o e \u00e0 liberdade de manifesta\u00e7\u00e3o.<\/p>\n<p style=\"text-align: justify;\">Segundo a parlamentar, entretanto, ser\u00e3o proibidas placas com\u00a0<i>\u201cofensas \u00e0 honra ou dignidade de pessoas, de pedido ao fim de institui\u00e7\u00f5es constitucionais, pedindo golpe de Estado ou interven\u00e7\u00e3o militar\u201d.<\/i><\/p>\n<p style=\"text-align: justify;\">Veja mais not\u00edcias em <a href=\"http:\/\/www.mspontocom.com.br\">www.mspontocom.com.br<\/a><\/p>\n<p style=\"text-align: justify;\">Nosso X (antigo Twitter) @mspontocom<\/p>\n<p style=\"text-align: justify;\">\n","protected":false},"excerpt":{"rendered":"<p>A deputada federal Carla Zambelli (PL-SP) com o apoio de outros parlamentares de direita, convocou por meio de suas redes sociais\u00a0 um ato contra presidente Luiz In\u00e1cio Lula da Silva para 9 de junho, um domingo, \u00e0s 14h, na avenida Paulista, em frente no Masp . Zambelli escreveu que ser\u00e3o permitidos cartazes pedindo impeachment de [&hellip;]<\/p>\n","protected":false},"author":2,"featured_media":191084,"comment_status":"open","ping_status":"open","sticky":false,"template":"","format":"standard","meta":{"_monsterinsights_skip_tracking":false,"_monsterinsights_sitenote_active":false,"_monsterinsights_sitenote_note":"","_monsterinsights_sitenote_category":0},"categories":[6,30260,30259,12],"tags":[24864,476,39441],"aioseo_notices":[],"_links":{"self":[{"href":"https:\/\/mspontocom.com.br\/site\/wp-json\/wp\/v2\/posts\/191062"}],"collection":[{"href":"https:\/\/mspontocom.com.br\/site\/wp-json\/wp\/v2\/posts"}],"about":[{"href":"https:\/\/mspontocom.com.br\/site\/wp-json\/wp\/v2\/types\/post"}],"author":[{"embeddable":true,"href":"https:\/\/mspontocom.com.br\/site\/wp-json\/wp\/v2\/users\/2"}],"replies":[{"embeddable":true,"href":"https:\/\/mspontocom.com.br\/site\/wp-json\/wp\/v2\/comments?post=191062"}],"version-history":[{"count":2,"href":"https:\/\/mspontocom.com.br\/site\/wp-json\/wp\/v2\/posts\/191062\/revisions"}],"predecessor-version":[{"id":191085,"href":"https:\/\/mspontocom.com.br\/site\/wp-json\/wp\/v2\/posts\/191062\/revisions\/191085"}],"wp:featuredmedia":[{"embeddable":true,"href":"https:\/\/mspontocom.com.br\/site\/wp-json\/wp\/v2\/media\/191084"}],"wp:attachment":[{"href":"https:\/\/mspontocom.com.br\/site\/wp-json\/wp\/v2\/media?parent=191062"}],"wp:term":[{"taxonomy":"category","embeddable":true,"href":"https:\/\/mspontocom.com.br\/site\/wp-json\/wp\/v2\/categories?post=191062"},{"taxonomy":"post_tag","embeddable":true,"href":"https:\/\/mspontocom.com.br\/site\/wp-json\/wp\/v2\/tags?post=191062"}],"curies":[{"name":"wp","href":"https:\/\/api.w.org\/{rel}","templated":true}]}}