{"id":191066,"date":"2024-05-28T05:51:43","date_gmt":"2024-05-28T09:51:43","guid":{"rendered":"https:\/\/mspontocom.com.br\/site\/?p=191066"},"modified":"2024-05-28T05:51:43","modified_gmt":"2024-05-28T09:51:43","slug":"comunismo-governo-vendera-arroz-com-rotulo-proprio-e-preco-tabelado","status":"publish","type":"post","link":"https:\/\/mspontocom.com.br\/site\/comunismo-governo-vendera-arroz-com-rotulo-proprio-e-preco-tabelado\/","title":{"rendered":"Comunismo? Governo vender\u00e1 arroz com r\u00f3tulo pr\u00f3prio e pre\u00e7o tabelado"},"content":{"rendered":"<p style=\"text-align: justify;\"><img loading=\"lazy\" class=\"alignnone size-full wp-image-191082\" src=\"https:\/\/mspontocom.com.br\/site\/wp-content\/uploads\/2024\/05\/site-comunismo-governo-vendera-arroz-com-rotulo-proprio-e-preco-tabelado-arroz1.jpg\" alt=\"\" width=\"1280\" height=\"720\" srcset=\"https:\/\/mspontocom.com.br\/site\/wp-content\/uploads\/2024\/05\/site-comunismo-governo-vendera-arroz-com-rotulo-proprio-e-preco-tabelado-arroz1.jpg 1280w, https:\/\/mspontocom.com.br\/site\/wp-content\/uploads\/2024\/05\/site-comunismo-governo-vendera-arroz-com-rotulo-proprio-e-preco-tabelado-arroz1-260x146.jpg 260w, https:\/\/mspontocom.com.br\/site\/wp-content\/uploads\/2024\/05\/site-comunismo-governo-vendera-arroz-com-rotulo-proprio-e-preco-tabelado-arroz1-1024x576.jpg 1024w, https:\/\/mspontocom.com.br\/site\/wp-content\/uploads\/2024\/05\/site-comunismo-governo-vendera-arroz-com-rotulo-proprio-e-preco-tabelado-arroz1-768x432.jpg 768w\" sizes=\"(max-width: 1280px) 100vw, 1280px\" \/>O governo Lula trava uma queda de bra\u00e7o com produtores, beneficiadores e vendedores de arroz ap\u00f3s decidir importar 1 milh\u00e3o de toneladas do gr\u00e3o para vender diretamente em supermercados e redes de atacado de alimentos do Pa\u00eds.<\/p>\n<p style=\"text-align: justify;\">A iniciativa foi tomada como resposta \u00e0s inunda\u00e7\u00f5es no <b>RS<\/b>, mas empres\u00e1rios e especialistas veem interven\u00e7\u00e3o no mercado\u00a0pelo governo federal, que passar\u00e1 a ter um r\u00f3tulo pr\u00f3prio na prateleira com pre\u00e7o tabelado.<\/p>\n<p style=\"text-align: justify;\"><strong>Como nos pa\u00edses comunistas, dessa vez, al\u00e9m da importa\u00e7\u00e3o,<\/strong> <strong>ser\u00e1 a primeira vez que o governo vender\u00e1 um produto com a sua logomarca na embalagem. <\/strong><\/p>\n<p style=\"text-align: justify;\">O arroz importado dever\u00e1 ser embalado no pa\u00eds de origem, pelo fornecedor, com o r\u00f3tulo que diz \u201cArroz adquirido pelo governo federal\u201d e que leva o logotipo da Conab.<\/p>\n<p style=\"text-align: justify;\">O produto ser\u00e1 destinado \u00e0 venda direta para mercados de vizinhan\u00e7a, supermercados, hipermercados, atacarejos e estabelecimentos comerciais com \u201campla rede de pontos de venda nas regi\u00f5es metropolitanas\u201d<\/p>\n<div class=\"styles__IntertitleWrapper-sc-vje7ac-0 dyYLdX intertitle-wrapper \" style=\"text-align: justify;\">\n<h3 id=\"receita-estranha\">Receita \u2018estranha\u2019<\/h3>\n<\/div>\n<p class=\"styles__ParagraphStyled-sc-6adecn-0 dvANKb \" style=\"text-align: justify;\">S\u00f3cio da MB Agro, Jos\u00e9 Carlos Hausknecht afirma que a opera\u00e7\u00e3o, al\u00e9m de colocar o governo numa seara nova de distribui\u00e7\u00e3o de arroz, est\u00e1 sendo feita no auge da colheita.<\/p>\n<p style=\"text-align: justify;\">Quase toda a safra ga\u00facha foi colhida (85%) e o problema \u00e9 de log\u00edstica, n\u00e3o de falta de produto, alega ele.<\/p>\n<p style=\"text-align: justify;\">Veja mais not\u00edcias em <a href=\"http:\/\/www.mspontocom.com.br\">www.mspontocom.com.br<\/a><\/p>\n<p style=\"text-align: justify;\">Nosso X (antigo Twitter) @mspontocom<\/p>\n<p style=\"text-align: justify;\">ilustra\u00e7\u00e3o: YouTube<\/p>\n<p>&nbsp;<\/p>\n","protected":false},"excerpt":{"rendered":"<p>O governo Lula trava uma queda de bra\u00e7o com produtores, beneficiadores e vendedores de arroz ap\u00f3s decidir importar 1 milh\u00e3o de toneladas do gr\u00e3o para vender diretamente em supermercados e redes de atacado de alimentos do Pa\u00eds. A iniciativa foi tomada como resposta \u00e0s inunda\u00e7\u00f5es no RS, mas empres\u00e1rios e especialistas veem interven\u00e7\u00e3o no mercado\u00a0pelo [&hellip;]<\/p>\n","protected":false},"author":2,"featured_media":191082,"comment_status":"open","ping_status":"open","sticky":false,"template":"","format":"standard","meta":{"_monsterinsights_skip_tracking":false,"_monsterinsights_sitenote_active":false,"_monsterinsights_sitenote_note":"","_monsterinsights_sitenote_category":0},"categories":[6,30260,15,30259,12],"tags":[12435,39333,78,41322,41321],"aioseo_notices":[],"_links":{"self":[{"href":"https:\/\/mspontocom.com.br\/site\/wp-json\/wp\/v2\/posts\/191066"}],"collection":[{"href":"https:\/\/mspontocom.com.br\/site\/wp-json\/wp\/v2\/posts"}],"about":[{"href":"https:\/\/mspontocom.com.br\/site\/wp-json\/wp\/v2\/types\/post"}],"author":[{"embeddable":true,"href":"https:\/\/mspontocom.com.br\/site\/wp-json\/wp\/v2\/users\/2"}],"replies":[{"embeddable":true,"href":"https:\/\/mspontocom.com.br\/site\/wp-json\/wp\/v2\/comments?post=191066"}],"version-history":[{"count":2,"href":"https:\/\/mspontocom.com.br\/site\/wp-json\/wp\/v2\/posts\/191066\/revisions"}],"predecessor-version":[{"id":191083,"href":"https:\/\/mspontocom.com.br\/site\/wp-json\/wp\/v2\/posts\/191066\/revisions\/191083"}],"wp:featuredmedia":[{"embeddable":true,"href":"https:\/\/mspontocom.com.br\/site\/wp-json\/wp\/v2\/media\/191082"}],"wp:attachment":[{"href":"https:\/\/mspontocom.com.br\/site\/wp-json\/wp\/v2\/media?parent=191066"}],"wp:term":[{"taxonomy":"category","embeddable":true,"href":"https:\/\/mspontocom.com.br\/site\/wp-json\/wp\/v2\/categories?post=191066"},{"taxonomy":"post_tag","embeddable":true,"href":"https:\/\/mspontocom.com.br\/site\/wp-json\/wp\/v2\/tags?post=191066"}],"curies":[{"name":"wp","href":"https:\/\/api.w.org\/{rel}","templated":true}]}}