{"id":191099,"date":"2024-05-29T07:08:12","date_gmt":"2024-05-29T11:08:12","guid":{"rendered":"https:\/\/mspontocom.com.br\/site\/?p=191099"},"modified":"2024-05-29T07:08:12","modified_gmt":"2024-05-29T11:08:12","slug":"inconformado-lula-deve-recorrer-ao-stf-para-manter-saidinha-de-presos","status":"publish","type":"post","link":"https:\/\/mspontocom.com.br\/site\/inconformado-lula-deve-recorrer-ao-stf-para-manter-saidinha-de-presos\/","title":{"rendered":"Inconformado, Lula deve recorrer ao STF para manter saidinha de presos"},"content":{"rendered":"<p style=\"text-align: justify;\"><img loading=\"lazy\" class=\"alignnone size-full wp-image-191115\" src=\"https:\/\/mspontocom.com.br\/site\/wp-content\/uploads\/2024\/05\/site-inconformado-lula-deve-recorrer-a-justica-para-manter-saidinha-de-presos-lula-raiva-e1716980681298.jpg\" alt=\"\" width=\"953\" height=\"644\" srcset=\"https:\/\/mspontocom.com.br\/site\/wp-content\/uploads\/2024\/05\/site-inconformado-lula-deve-recorrer-a-justica-para-manter-saidinha-de-presos-lula-raiva-e1716980681298.jpg 953w, https:\/\/mspontocom.com.br\/site\/wp-content\/uploads\/2024\/05\/site-inconformado-lula-deve-recorrer-a-justica-para-manter-saidinha-de-presos-lula-raiva-e1716980681298-260x176.jpg 260w, https:\/\/mspontocom.com.br\/site\/wp-content\/uploads\/2024\/05\/site-inconformado-lula-deve-recorrer-a-justica-para-manter-saidinha-de-presos-lula-raiva-e1716980681298-768x519.jpg 768w\" sizes=\"(max-width: 953px) 100vw, 953px\" \/>A decis\u00e3o do Congresso de proibir a sa\u00edda tempor\u00e1ria dos presos deve parar no <strong>STF<\/strong> , dizem integrantes do governo federal.<\/p>\n<p style=\"text-align: justify;\">O Planalto tamb\u00e9m considera que o impacto da proibi\u00e7\u00e3o pode recair sobre governadores, caso detentos ameacem fazer rebeli\u00f5es em protesto nas cadeias.<\/p>\n<p style=\"text-align: justify;\">O Congresso Nacional derrubou por goleada o veto do presidente<strong> Lula<\/strong> que permitia as <strong>&#8220;saidinhas&#8221;<\/strong> de presos em regime semiaberto.<\/p>\n<p style=\"text-align: justify;\">Agora, integrantes do governo <strong>preveem uma batalha jur\u00eddica sobre o tema<\/strong>, que deve ser iniciada via partido pol\u00edtico questionando a constitucionalidade da lei ou por meio de recurso de um condenado proibido de sair.<\/p>\n<p style=\"text-align: justify;\"><span style=\"font-size: 14pt;\"><strong>MUITO LOUCO<\/strong><\/span><\/p>\n<p style=\"text-align: justify;\">A interlocutores o ministro Ricardo Lewandowski (Justi\u00e7a e Seguran\u00e7a P\u00fablica) tem dito que, apesar da derrubada, o veto de Lula significava uma <strong>&#8220;vit\u00f3ria moral&#8221;<\/strong> do governo.-<\/p>\n<p style=\"text-align: justify;\">O\u00a0 governo Lula entende que a saidinha se encaixa no <strong>direito material do preso<\/strong> e, portanto, o veto n\u00e3o poderia ser aplicado aos condenados por crimes anteriores \u00e0 lei.<\/p>\n<p style=\"text-align: justify;\">fonte: Let\u00edcia Casado, Uol<\/p>\n<p style=\"text-align: justify;\">Veja mais not\u00edcias em <a href=\"http:\/\/www.mspontocom.com.br\">www.mspontocom.com.br<\/a><\/p>\n<p style=\"text-align: justify;\">Nosso X (antigo Twitter) @mspontocom<\/p>\n<p style=\"text-align: justify;\">\n","protected":false},"excerpt":{"rendered":"<p>A decis\u00e3o do Congresso de proibir a sa\u00edda tempor\u00e1ria dos presos deve parar no STF , dizem integrantes do governo federal. O Planalto tamb\u00e9m considera que o impacto da proibi\u00e7\u00e3o pode recair sobre governadores, caso detentos ameacem fazer rebeli\u00f5es em protesto nas cadeias. O Congresso Nacional derrubou por goleada o veto do presidente Lula que [&hellip;]<\/p>\n","protected":false},"author":2,"featured_media":191115,"comment_status":"open","ping_status":"open","sticky":false,"template":"","format":"standard","meta":{"_monsterinsights_skip_tracking":false,"_monsterinsights_sitenote_active":false,"_monsterinsights_sitenote_note":"","_monsterinsights_sitenote_category":0},"categories":[6,30260,2528,30259,12],"tags":[35493,480,9373,26886,40626,3014],"aioseo_notices":[],"_links":{"self":[{"href":"https:\/\/mspontocom.com.br\/site\/wp-json\/wp\/v2\/posts\/191099"}],"collection":[{"href":"https:\/\/mspontocom.com.br\/site\/wp-json\/wp\/v2\/posts"}],"about":[{"href":"https:\/\/mspontocom.com.br\/site\/wp-json\/wp\/v2\/types\/post"}],"author":[{"embeddable":true,"href":"https:\/\/mspontocom.com.br\/site\/wp-json\/wp\/v2\/users\/2"}],"replies":[{"embeddable":true,"href":"https:\/\/mspontocom.com.br\/site\/wp-json\/wp\/v2\/comments?post=191099"}],"version-history":[{"count":2,"href":"https:\/\/mspontocom.com.br\/site\/wp-json\/wp\/v2\/posts\/191099\/revisions"}],"predecessor-version":[{"id":191116,"href":"https:\/\/mspontocom.com.br\/site\/wp-json\/wp\/v2\/posts\/191099\/revisions\/191116"}],"wp:featuredmedia":[{"embeddable":true,"href":"https:\/\/mspontocom.com.br\/site\/wp-json\/wp\/v2\/media\/191115"}],"wp:attachment":[{"href":"https:\/\/mspontocom.com.br\/site\/wp-json\/wp\/v2\/media?parent=191099"}],"wp:term":[{"taxonomy":"category","embeddable":true,"href":"https:\/\/mspontocom.com.br\/site\/wp-json\/wp\/v2\/categories?post=191099"},{"taxonomy":"post_tag","embeddable":true,"href":"https:\/\/mspontocom.com.br\/site\/wp-json\/wp\/v2\/tags?post=191099"}],"curies":[{"name":"wp","href":"https:\/\/api.w.org\/{rel}","templated":true}]}}