{"id":191134,"date":"2024-05-30T09:46:21","date_gmt":"2024-05-30T13:46:21","guid":{"rendered":"https:\/\/mspontocom.com.br\/site\/?p=191134"},"modified":"2024-05-30T10:19:42","modified_gmt":"2024-05-30T14:19:42","slug":"derrotas-no-congresso-e-pesquisas-negativas-fazem-governo-lula-derreter","status":"publish","type":"post","link":"https:\/\/mspontocom.com.br\/site\/derrotas-no-congresso-e-pesquisas-negativas-fazem-governo-lula-derreter\/","title":{"rendered":"Derrotas no Congresso e pesquisas negativas fazem governo Lula derreter"},"content":{"rendered":"<p style=\"text-align: justify;\"><img loading=\"lazy\" class=\"alignnone size-full wp-image-191135\" src=\"https:\/\/mspontocom.com.br\/site\/wp-content\/uploads\/2024\/05\/site-derrotas-no-congresso-e-pesquisas-negativas-fazem-governo-lula-derreter-derre.webp\" alt=\"\" width=\"848\" height=\"477\" srcset=\"https:\/\/mspontocom.com.br\/site\/wp-content\/uploads\/2024\/05\/site-derrotas-no-congresso-e-pesquisas-negativas-fazem-governo-lula-derreter-derre.webp 848w, https:\/\/mspontocom.com.br\/site\/wp-content\/uploads\/2024\/05\/site-derrotas-no-congresso-e-pesquisas-negativas-fazem-governo-lula-derreter-derre-260x146.webp 260w, https:\/\/mspontocom.com.br\/site\/wp-content\/uploads\/2024\/05\/site-derrotas-no-congresso-e-pesquisas-negativas-fazem-governo-lula-derreter-derre-768x432.webp 768w\" sizes=\"(max-width: 848px) 100vw, 848px\" \/>As sucessivas pesquisas mostrando desaprova\u00e7\u00e3o bem maior que a aprova\u00e7\u00e3o, uma governan\u00e7a baseada em \u00f3dio e vingan\u00e7a e derrotas vexat\u00f3rias como nesta ter\u00e7a (28), no Congresso, instauraram uma crise in\u00e9dita no governo empossado h\u00e1 apenas 16 meses.<\/p>\n<p style=\"text-align: justify;\">A derrubada de vetos de<strong> Lula,<\/strong> que queria manter as<strong> \u201csaidinhas<\/strong>\u201d de presidi\u00e1rios, e outras derrotas em vota\u00e7\u00f5es importantes levaram Jos\u00e9 Guimar\u00e3es (PT-CE), l\u00edder do governo na C\u00e2mara, a pedir mudan\u00e7as. \u201cN\u00e3o est\u00e1 bom\u201d, admitiu.<\/p>\n<div class=\"notas\">\n<div id=\"Nota-2\" class=\"entry-block ch-nota Nota-2\" style=\"text-align: justify;\">\n<h3>Lula l\u00e1 embaixo<\/h3>\n<\/div>\n<p style=\"text-align: justify;\">\u201cAinda d\u00e1 tempo\u201d, diz Guimar\u00e3es, de olho em pesquisas como a Quaest, indicando que, para 55% dos brasileiros, ele n\u00e3o merece ser reeleito.<\/p>\n<div id=\"Nota-3\" class=\"entry-block ch-nota Nota-3\" style=\"text-align: justify;\">\n<h3>Radicais, go home<\/h3>\n<\/div>\n<p style=\"text-align: justify;\">O deputado petista defende mudan\u00e7as urgentes, engajando n\u00e3o petistas para a articula\u00e7\u00e3o pol\u00edtica, como nos primeiros governos Lula.<\/p>\n<div id=\"Nota-4\" class=\"entry-block ch-nota Nota-4\" style=\"text-align: justify;\">\n<h3>Censura, n\u00e3o, camarada<\/h3>\n<\/div>\n<p style=\"text-align: justify;\">\u201cDoeu\u201d a decis\u00e3o do Congresso contra o governo e o STF de jogar no lixo a censura nas redes sociais, a pretexto de \u201ccombate \u00e0 fake news\u201d.<\/p>\n<div id=\"Nota-5\" class=\"entry-block ch-nota Nota-5\" style=\"text-align: justify;\">\n<h3>Primarismo no comando<\/h3>\n<\/div>\n<p style=\"text-align: justify;\">Petistas veteranos atribuem erros de Lula \u00e0 falta de assessores que ele respeite, levando-o a dar ouvidos a figuras prim\u00e1rias, como Janja.<\/p>\n<p style=\"text-align: justify;\">Fonte: Coluna Claudio Humberto, Di\u00e1rio do Poder<\/p>\n<p style=\"text-align: justify;\">Veja mais not\u00edcias em: <a href=\"http:\/\/www.mspontocom.com.br\">www.mspontocom.com.br<\/a><\/p>\n<p style=\"text-align: justify;\">Nosso X (Twitter) @mspontocom<\/p>\n<p style=\"text-align: justify;\">foto: Poder 360<\/p>\n<\/div>\n","protected":false},"excerpt":{"rendered":"<p>As sucessivas pesquisas mostrando desaprova\u00e7\u00e3o bem maior que a aprova\u00e7\u00e3o, uma governan\u00e7a baseada em \u00f3dio e vingan\u00e7a e derrotas vexat\u00f3rias como nesta ter\u00e7a (28), no Congresso, instauraram uma crise in\u00e9dita no governo empossado h\u00e1 apenas 16 meses. A derrubada de vetos de Lula, que queria manter as \u201csaidinhas\u201d de presidi\u00e1rios, e outras derrotas em vota\u00e7\u00f5es [&hellip;]<\/p>\n","protected":false},"author":2,"featured_media":191135,"comment_status":"open","ping_status":"open","sticky":false,"template":"","format":"standard","meta":{"_monsterinsights_skip_tracking":false,"_monsterinsights_sitenote_active":false,"_monsterinsights_sitenote_note":"","_monsterinsights_sitenote_category":0},"categories":[6,30260,30259,12],"tags":[2576,31873,41332,41331],"aioseo_notices":[],"_links":{"self":[{"href":"https:\/\/mspontocom.com.br\/site\/wp-json\/wp\/v2\/posts\/191134"}],"collection":[{"href":"https:\/\/mspontocom.com.br\/site\/wp-json\/wp\/v2\/posts"}],"about":[{"href":"https:\/\/mspontocom.com.br\/site\/wp-json\/wp\/v2\/types\/post"}],"author":[{"embeddable":true,"href":"https:\/\/mspontocom.com.br\/site\/wp-json\/wp\/v2\/users\/2"}],"replies":[{"embeddable":true,"href":"https:\/\/mspontocom.com.br\/site\/wp-json\/wp\/v2\/comments?post=191134"}],"version-history":[{"count":1,"href":"https:\/\/mspontocom.com.br\/site\/wp-json\/wp\/v2\/posts\/191134\/revisions"}],"predecessor-version":[{"id":191136,"href":"https:\/\/mspontocom.com.br\/site\/wp-json\/wp\/v2\/posts\/191134\/revisions\/191136"}],"wp:featuredmedia":[{"embeddable":true,"href":"https:\/\/mspontocom.com.br\/site\/wp-json\/wp\/v2\/media\/191135"}],"wp:attachment":[{"href":"https:\/\/mspontocom.com.br\/site\/wp-json\/wp\/v2\/media?parent=191134"}],"wp:term":[{"taxonomy":"category","embeddable":true,"href":"https:\/\/mspontocom.com.br\/site\/wp-json\/wp\/v2\/categories?post=191134"},{"taxonomy":"post_tag","embeddable":true,"href":"https:\/\/mspontocom.com.br\/site\/wp-json\/wp\/v2\/tags?post=191134"}],"curies":[{"name":"wp","href":"https:\/\/api.w.org\/{rel}","templated":true}]}}