{"id":191295,"date":"2024-06-06T05:30:24","date_gmt":"2024-06-06T09:30:24","guid":{"rendered":"https:\/\/mspontocom.com.br\/site\/?p=191295"},"modified":"2024-06-06T07:46:45","modified_gmt":"2024-06-06T11:46:45","slug":"ms-vai-discutir-cursos-e-capacitacoes-para-pessoas-com-deficiencia","status":"publish","type":"post","link":"https:\/\/mspontocom.com.br\/site\/ms-vai-discutir-cursos-e-capacitacoes-para-pessoas-com-deficiencia\/","title":{"rendered":"MS vai discutir cursos e capacita\u00e7\u00f5es para pessoas com defici\u00eancia"},"content":{"rendered":"<p style=\"text-align: justify;\"><img loading=\"lazy\" class=\"alignnone size-full wp-image-191297\" src=\"https:\/\/mspontocom.com.br\/site\/wp-content\/uploads\/2024\/06\/site-ms-vai-discutir-cursos-e-capacitacoes-para-pessoas-com-deficiencia-pcd1.jpg\" alt=\"\" width=\"600\" height=\"370\" srcset=\"https:\/\/mspontocom.com.br\/site\/wp-content\/uploads\/2024\/06\/site-ms-vai-discutir-cursos-e-capacitacoes-para-pessoas-com-deficiencia-pcd1.jpg 600w, https:\/\/mspontocom.com.br\/site\/wp-content\/uploads\/2024\/06\/site-ms-vai-discutir-cursos-e-capacitacoes-para-pessoas-com-deficiencia-pcd1-260x160.jpg 260w\" sizes=\"(max-width: 600px) 100vw, 600px\" \/><\/p>\n<p style=\"text-align: justify;\">No pr\u00f3ximo dia 18 de junho, a Secretaria de Estado da Cidadania realiza a reuni\u00e3o sobre o projeto Empregabilidade Inclusiva para Pessoas com Defici\u00eancia do Mato Grosso do Sul.<\/p>\n<p style=\"text-align: justify;\">Aberto ao p\u00fablico, o objetivo \u00e9 dialogar quanto \u00e0s demandas espec\u00edficas da popula\u00e7\u00e3o para fomentar a empregabilidade nos munic\u00edpios de Mato Grosso do Sul.<\/p>\n<p style=\"text-align: justify;\">A iniciativa \u00e9 promovida pela Cidadania atrav\u00e9s da Funtrab, dentro do Programa MS Qualifica.<\/p>\n<p style=\"text-align: justify;\">A reuni\u00e3o ainda pretende tra\u00e7ar estrat\u00e9gias de mobiliza\u00e7\u00e3o das pessoas com defici\u00eancia a participarem da pesquisa de interesse dos cursos de capacita\u00e7\u00e3o que ser\u00e3o ofertados pelo projeto, al\u00e9m de, criar um grupo de trabalho para o fortalecimento da Rede Empregadora Cidad\u00e3.<\/p>\n<p style=\"text-align: justify;\">O evento \u00e9 aberto a todos, e ser\u00e1 realizado no dia 18 de junho, \u00e0s 14h, no Museu da Imagem e do Som, localizado na Av. Fernando Corr\u00eaa da Costa, 559.<\/p>\n<p style=\"text-align: justify;\"><em>fonte: Paula Maciulevicius, Comunica\u00e7\u00e3o\u00a0<\/em><\/p>\n<p style=\"text-align: justify;\">Veja mais not\u00edcias em: <a href=\"http:\/\/www.mspontocom.com.br\">www.mspontocom.com.br<\/a><\/p>\n<p style=\"text-align: justify;\">Nosso X (Twitter) @mspontocom<\/p>\n","protected":false},"excerpt":{"rendered":"<p>No pr\u00f3ximo dia 18 de junho, a Secretaria de Estado da Cidadania realiza a reuni\u00e3o sobre o projeto Empregabilidade Inclusiva para Pessoas com Defici\u00eancia do Mato Grosso do Sul. Aberto ao p\u00fablico, o objetivo \u00e9 dialogar quanto \u00e0s demandas espec\u00edficas da popula\u00e7\u00e3o para fomentar a empregabilidade nos munic\u00edpios de Mato Grosso do Sul. A iniciativa [&hellip;]<\/p>\n","protected":false},"author":2,"featured_media":191297,"comment_status":"open","ping_status":"open","sticky":false,"template":"","format":"standard","meta":{"_monsterinsights_skip_tracking":false,"_monsterinsights_sitenote_active":false,"_monsterinsights_sitenote_note":"","_monsterinsights_sitenote_category":0},"categories":[74],"tags":[25130,81,16616],"aioseo_notices":[],"_links":{"self":[{"href":"https:\/\/mspontocom.com.br\/site\/wp-json\/wp\/v2\/posts\/191295"}],"collection":[{"href":"https:\/\/mspontocom.com.br\/site\/wp-json\/wp\/v2\/posts"}],"about":[{"href":"https:\/\/mspontocom.com.br\/site\/wp-json\/wp\/v2\/types\/post"}],"author":[{"embeddable":true,"href":"https:\/\/mspontocom.com.br\/site\/wp-json\/wp\/v2\/users\/2"}],"replies":[{"embeddable":true,"href":"https:\/\/mspontocom.com.br\/site\/wp-json\/wp\/v2\/comments?post=191295"}],"version-history":[{"count":2,"href":"https:\/\/mspontocom.com.br\/site\/wp-json\/wp\/v2\/posts\/191295\/revisions"}],"predecessor-version":[{"id":191298,"href":"https:\/\/mspontocom.com.br\/site\/wp-json\/wp\/v2\/posts\/191295\/revisions\/191298"}],"wp:featuredmedia":[{"embeddable":true,"href":"https:\/\/mspontocom.com.br\/site\/wp-json\/wp\/v2\/media\/191297"}],"wp:attachment":[{"href":"https:\/\/mspontocom.com.br\/site\/wp-json\/wp\/v2\/media?parent=191295"}],"wp:term":[{"taxonomy":"category","embeddable":true,"href":"https:\/\/mspontocom.com.br\/site\/wp-json\/wp\/v2\/categories?post=191295"},{"taxonomy":"post_tag","embeddable":true,"href":"https:\/\/mspontocom.com.br\/site\/wp-json\/wp\/v2\/tags?post=191295"}],"curies":[{"name":"wp","href":"https:\/\/api.w.org\/{rel}","templated":true}]}}