{"id":191308,"date":"2024-06-07T06:12:45","date_gmt":"2024-06-07T10:12:45","guid":{"rendered":"https:\/\/mspontocom.com.br\/site\/?p=191308"},"modified":"2024-06-07T06:12:45","modified_gmt":"2024-06-07T10:12:45","slug":"bolsonaro-critica-viagem-de-lua-de-mel-do-casal-lula-a-europa","status":"publish","type":"post","link":"https:\/\/mspontocom.com.br\/site\/bolsonaro-critica-viagem-de-lua-de-mel-do-casal-lula-a-europa\/","title":{"rendered":"Bolsonaro critica viagem de &#8220;lua de mel&#8221; do casal Lula \u00e0 Europa"},"content":{"rendered":"<p style=\"text-align: justify;\"><img loading=\"lazy\" class=\"alignnone size-full wp-image-191316\" src=\"https:\/\/mspontocom.com.br\/site\/wp-content\/uploads\/2024\/06\/site-bolsonaro-critica-lua-de-mel-do-casal-lula-na-europa-montagem-lula-e-janja-x-jair-bolsonaro.webp\" alt=\"\" width=\"790\" height=\"474\" srcset=\"https:\/\/mspontocom.com.br\/site\/wp-content\/uploads\/2024\/06\/site-bolsonaro-critica-lua-de-mel-do-casal-lula-na-europa-montagem-lula-e-janja-x-jair-bolsonaro.webp 790w, https:\/\/mspontocom.com.br\/site\/wp-content\/uploads\/2024\/06\/site-bolsonaro-critica-lua-de-mel-do-casal-lula-na-europa-montagem-lula-e-janja-x-jair-bolsonaro-260x156.webp 260w, https:\/\/mspontocom.com.br\/site\/wp-content\/uploads\/2024\/06\/site-bolsonaro-critica-lua-de-mel-do-casal-lula-na-europa-montagem-lula-e-janja-x-jair-bolsonaro-768x461.webp 768w\" sizes=\"(max-width: 790px) 100vw, 790px\" \/>O ex-presidente <strong>Jair Bolsonaro<\/strong> (PL) criticou as viagens que o presidente <strong>Lula e\u00a0 Janja<\/strong> far\u00e3o para It\u00e1lia e Su\u00ed\u00e7a em 14 de junho, na semana do Dia dos Namorados .<\/p>\n<p style=\"text-align: justify;\">\u201cO amor segue inabal\u00e1vel\u201d, escreveu Bolsonaro em suas redes sociais.<\/p>\n<p style=\"text-align: justify;\">O Minist\u00e9rio das Rela\u00e7\u00f5es Exteriores desembolsou ao menos R$ 65,9 milh\u00f5es durante as viagens presidenciais de Luiz In\u00e1cio Lula da Silva (PT) ao exterior em 2023.<\/p>\n<p style=\"text-align: justify;\">Os dados foram obtidos pelo Poder360 a partir de pedidos de Lei de Acesso e de consultas no Portal da Transpar\u00eancia.<\/p>\n<p>O petista terminou seu 1\u00ba ano do 3\u00ba mandato tendo passado 62 dias fora do Brasil em viagens internacionais.<\/p>\n<p>Ao todo, o petista visitou os 5 continentes, passando por 24 pa\u00edses em um total de 15 sa\u00eddas do pa\u00eds.<\/p>\n<p>Veja mais not\u00edcias em: <a href=\"http:\/\/www.mspontocom.com.br\">www.mspontocom.com.br<\/a><\/p>\n<p>Nosso X (Twitter) @mspontocom<\/p>\n<p>foto; montagem-lula-e-janja-x-jair-bolsonaro<\/p>\n","protected":false},"excerpt":{"rendered":"<p>O ex-presidente Jair Bolsonaro (PL) criticou as viagens que o presidente Lula e\u00a0 Janja far\u00e3o para It\u00e1lia e Su\u00ed\u00e7a em 14 de junho, na semana do Dia dos Namorados . \u201cO amor segue inabal\u00e1vel\u201d, escreveu Bolsonaro em suas redes sociais. O Minist\u00e9rio das Rela\u00e7\u00f5es Exteriores desembolsou ao menos R$ 65,9 milh\u00f5es durante as viagens presidenciais [&hellip;]<\/p>\n","protected":false},"author":2,"featured_media":191316,"comment_status":"open","ping_status":"open","sticky":false,"template":"","format":"standard","meta":{"_monsterinsights_skip_tracking":false,"_monsterinsights_sitenote_active":false,"_monsterinsights_sitenote_note":"","_monsterinsights_sitenote_category":0},"categories":[6,30260,30259,12],"tags":[21017,41365,24747,1921,41364,2210],"aioseo_notices":[],"_links":{"self":[{"href":"https:\/\/mspontocom.com.br\/site\/wp-json\/wp\/v2\/posts\/191308"}],"collection":[{"href":"https:\/\/mspontocom.com.br\/site\/wp-json\/wp\/v2\/posts"}],"about":[{"href":"https:\/\/mspontocom.com.br\/site\/wp-json\/wp\/v2\/types\/post"}],"author":[{"embeddable":true,"href":"https:\/\/mspontocom.com.br\/site\/wp-json\/wp\/v2\/users\/2"}],"replies":[{"embeddable":true,"href":"https:\/\/mspontocom.com.br\/site\/wp-json\/wp\/v2\/comments?post=191308"}],"version-history":[{"count":2,"href":"https:\/\/mspontocom.com.br\/site\/wp-json\/wp\/v2\/posts\/191308\/revisions"}],"predecessor-version":[{"id":191317,"href":"https:\/\/mspontocom.com.br\/site\/wp-json\/wp\/v2\/posts\/191308\/revisions\/191317"}],"wp:featuredmedia":[{"embeddable":true,"href":"https:\/\/mspontocom.com.br\/site\/wp-json\/wp\/v2\/media\/191316"}],"wp:attachment":[{"href":"https:\/\/mspontocom.com.br\/site\/wp-json\/wp\/v2\/media?parent=191308"}],"wp:term":[{"taxonomy":"category","embeddable":true,"href":"https:\/\/mspontocom.com.br\/site\/wp-json\/wp\/v2\/categories?post=191308"},{"taxonomy":"post_tag","embeddable":true,"href":"https:\/\/mspontocom.com.br\/site\/wp-json\/wp\/v2\/tags?post=191308"}],"curies":[{"name":"wp","href":"https:\/\/api.w.org\/{rel}","templated":true}]}}