{"id":191327,"date":"2024-06-07T05:25:43","date_gmt":"2024-06-07T09:25:43","guid":{"rendered":"https:\/\/mspontocom.com.br\/site\/?p=191327"},"modified":"2024-06-07T08:30:54","modified_gmt":"2024-06-07T12:30:54","slug":"ms-pecuaria-busca-na-genetica-aumentar-a-qualidade-da-carne","status":"publish","type":"post","link":"https:\/\/mspontocom.com.br\/site\/ms-pecuaria-busca-na-genetica-aumentar-a-qualidade-da-carne\/","title":{"rendered":"MS: Pecu\u00e1ria busca na gen\u00e9tica aumentar a qualidade da carne"},"content":{"rendered":"<p style=\"text-align: justify;\"><img loading=\"lazy\" class=\"alignnone size-full wp-image-191333\" src=\"https:\/\/mspontocom.com.br\/site\/wp-content\/uploads\/2024\/06\/site-pecuaria-sul-mato-grossense-busca-na-genetica-formas-de-aumentar-a-produtividade-e-qualidade-da-carne-carne.jpg\" alt=\"\" width=\"1024\" height=\"627\" srcset=\"https:\/\/mspontocom.com.br\/site\/wp-content\/uploads\/2024\/06\/site-pecuaria-sul-mato-grossense-busca-na-genetica-formas-de-aumentar-a-produtividade-e-qualidade-da-carne-carne.jpg 1024w, https:\/\/mspontocom.com.br\/site\/wp-content\/uploads\/2024\/06\/site-pecuaria-sul-mato-grossense-busca-na-genetica-formas-de-aumentar-a-produtividade-e-qualidade-da-carne-carne-260x159.jpg 260w, https:\/\/mspontocom.com.br\/site\/wp-content\/uploads\/2024\/06\/site-pecuaria-sul-mato-grossense-busca-na-genetica-formas-de-aumentar-a-produtividade-e-qualidade-da-carne-carne-768x470.jpg 768w\" sizes=\"(max-width: 1024px) 100vw, 1024px\" \/>Com 17,7 milh\u00f5es de cabe\u00e7as de gado, o Mato Grosso do Sul vem apostando na melhoria gen\u00e9tica para aumentar a produtividade e oferecer mais qualidade \u00e0 carne produzida no Estado.<\/p>\n<p style=\"text-align: justify;\">Dados revelam que o setor pecu\u00e1rio \u00e9 respons\u00e1vel por US$ 1,37 bilh\u00e3o das exporta\u00e7\u00f5es sul-mato-grossense, sendo o terceiro principal produto na balan\u00e7a comercial, ficando apenas atr\u00e1s da soja e produtos florestais.<\/p>\n<p style=\"text-align: justify;\">Durante a abertura\u00a0 do Encontro T\u00e9cnico &#8211; Central de Avalia\u00e7\u00e3o de Reprodutores Nelore (C.A.R.N.E), promovido pela Nelore IPB, o governador Eduardo Riedel ressaltou a import\u00e2ncia do parque produtivo e fabril instalado em Mato Grosso do Sul.<\/p>\n<p style=\"text-align: justify;\"><span style=\"font-size: 14pt;\"><em>&#8220;O Estado n\u00e3o s\u00f3 \u00e9 um grande produtor em termos de volume, mas \u00e9 um produtor que oferece uma das melhores qualidades do Brasil em termos de carne. Para os frigor\u00edficos ter um parque muito extenso e diversificado, oferece diferentes nichos de mercado, exporta para fora do Pa\u00eds, tem mercado interno, e o mercado pr\u00eamio. O Mato Grosso do Sul conseguiu alcan\u00e7ar um est\u00e1gio n\u00e3o s\u00f3 de qualidade de produ\u00e7\u00e3o como de mercado, que \u00e9 extremamente importante para a cadeia produtiva como um todo. E encontros t\u00e9cnicos como esse, ajudam a fomentar e divulgar o que existe de melhor em termos de gen\u00e9tica, tecnologia de produ\u00e7\u00e3o, discuss\u00f5es sobre os mercados de uma maneira geral&#8221;,<\/em><\/span> destacou.<\/p>\n<p style=\"text-align: justify;\">Ainda segundo o governador Riedel, o cen\u00e1rio que se apresenta \u00e9 de grandes oportunidades e incremento de produtividade em rela\u00e7\u00e3o ao uso do solo, gerando alternativas de explora\u00e7\u00e3o de novos e grandes mercados externos, al\u00e9m de quebras de paradigmas com a produ\u00e7\u00e3o\u00a0 sustent\u00e1vel. &#8220;Se tem uma atividade que captura carbono \u00e9 a agropecu\u00e1ria&#8221;, comentou.<\/p>\n<p style=\"text-align: justify;\">O evento, que acontece at\u00e9 s\u00e1bado (8), tem uma extensa programa\u00e7\u00e3o com cases de melhoramento gen\u00e9tico, leil\u00f5es de bovinos, palestras, entre outras a\u00e7\u00f5es.<\/p>\n<p style=\"text-align: justify;\">fonte; Alexandre Gonzaga, Comunica\u00e7\u00e3o<br \/>\nFoto: Saul Schramm<\/p>\n<p style=\"text-align: justify;\">Veja mais not\u00edcias em: <a href=\"http:\/\/www.mspontocom.com.br\">www.mspontocom.com.br<\/a><\/p>\n<p style=\"text-align: justify;\">Nosso X (Twitter) @mspontocom<\/p>\n","protected":false},"excerpt":{"rendered":"<p>Com 17,7 milh\u00f5es de cabe\u00e7as de gado, o Mato Grosso do Sul vem apostando na melhoria gen\u00e9tica para aumentar a produtividade e oferecer mais qualidade \u00e0 carne produzida no Estado. Dados revelam que o setor pecu\u00e1rio \u00e9 respons\u00e1vel por US$ 1,37 bilh\u00e3o das exporta\u00e7\u00f5es sul-mato-grossense, sendo o terceiro principal produto na balan\u00e7a comercial, ficando apenas [&hellip;]<\/p>\n","protected":false},"author":2,"featured_media":191333,"comment_status":"open","ping_status":"open","sticky":false,"template":"","format":"standard","meta":{"_monsterinsights_skip_tracking":false,"_monsterinsights_sitenote_active":false,"_monsterinsights_sitenote_note":"","_monsterinsights_sitenote_category":0},"categories":[74],"tags":[3864,40973,81,34764,27941],"aioseo_notices":[],"_links":{"self":[{"href":"https:\/\/mspontocom.com.br\/site\/wp-json\/wp\/v2\/posts\/191327"}],"collection":[{"href":"https:\/\/mspontocom.com.br\/site\/wp-json\/wp\/v2\/posts"}],"about":[{"href":"https:\/\/mspontocom.com.br\/site\/wp-json\/wp\/v2\/types\/post"}],"author":[{"embeddable":true,"href":"https:\/\/mspontocom.com.br\/site\/wp-json\/wp\/v2\/users\/2"}],"replies":[{"embeddable":true,"href":"https:\/\/mspontocom.com.br\/site\/wp-json\/wp\/v2\/comments?post=191327"}],"version-history":[{"count":2,"href":"https:\/\/mspontocom.com.br\/site\/wp-json\/wp\/v2\/posts\/191327\/revisions"}],"predecessor-version":[{"id":191334,"href":"https:\/\/mspontocom.com.br\/site\/wp-json\/wp\/v2\/posts\/191327\/revisions\/191334"}],"wp:featuredmedia":[{"embeddable":true,"href":"https:\/\/mspontocom.com.br\/site\/wp-json\/wp\/v2\/media\/191333"}],"wp:attachment":[{"href":"https:\/\/mspontocom.com.br\/site\/wp-json\/wp\/v2\/media?parent=191327"}],"wp:term":[{"taxonomy":"category","embeddable":true,"href":"https:\/\/mspontocom.com.br\/site\/wp-json\/wp\/v2\/categories?post=191327"},{"taxonomy":"post_tag","embeddable":true,"href":"https:\/\/mspontocom.com.br\/site\/wp-json\/wp\/v2\/tags?post=191327"}],"curies":[{"name":"wp","href":"https:\/\/api.w.org\/{rel}","templated":true}]}}