{"id":191342,"date":"2024-06-08T07:03:37","date_gmt":"2024-06-08T11:03:37","guid":{"rendered":"https:\/\/mspontocom.com.br\/site\/?p=191342"},"modified":"2024-06-08T07:03:37","modified_gmt":"2024-06-08T11:03:37","slug":"empresario-que-venceu-leilao-de-arroz-tio-lula-ja-confessou-propina","status":"publish","type":"post","link":"https:\/\/mspontocom.com.br\/site\/empresario-que-venceu-leilao-de-arroz-tio-lula-ja-confessou-propina\/","title":{"rendered":"Empres\u00e1rio que venceu leil\u00e3o de arroz Tio Lula j\u00e1 confessou propina"},"content":{"rendered":"<p style=\"text-align: justify;\"><img loading=\"lazy\" class=\"alignnone size-full wp-image-191347\" src=\"https:\/\/mspontocom.com.br\/site\/wp-content\/uploads\/2024\/06\/site-empresario-que-venceu-leilao-de-arroz-do-governo-ja-confessou-propina-arroz1-e1717844485409.jpg\" alt=\"\" width=\"621\" height=\"640\" srcset=\"https:\/\/mspontocom.com.br\/site\/wp-content\/uploads\/2024\/06\/site-empresario-que-venceu-leilao-de-arroz-do-governo-ja-confessou-propina-arroz1-e1717844485409.jpg 621w, https:\/\/mspontocom.com.br\/site\/wp-content\/uploads\/2024\/06\/site-empresario-que-venceu-leilao-de-arroz-do-governo-ja-confessou-propina-arroz1-e1717844485409-260x268.jpg 260w\" sizes=\"(max-width: 621px) 100vw, 621px\" \/>Das quatro empresas que venceram o leil\u00e3o de arroz do governo federal, a maior compradora \u00e9 propriet\u00e1ria de um estabelecimento em Macap\u00e1 (Amap\u00e1), especializado na venda de leite e latic\u00ednios.<\/p>\n<p style=\"text-align: justify;\">Outra empresa pertence a um empres\u00e1rio de Bras\u00edlia, <strong>que j\u00e1 confessou \u00e0 Justi\u00e7a ter pago propina para obter um contrato<\/strong> com a Secretaria de Transportes do Distrito Federal (DF).<\/p>\n<p style=\"text-align: justify;\">O leil\u00e3o foi criticado pela oposi\u00e7\u00e3o ao governo Lula e pelo setor do agroneg\u00f3cio, que questionam seus impactos no mercado e sua necessidade.<\/p>\n<p style=\"text-align: justify;\">A ex-ministra da Agricultura de Jair Bolsonaro, Tereza Cristina, agora senadora, entrou com uma a\u00e7\u00e3o no Tribunal de Contas da Uni\u00e3o para que o leil\u00e3o seja investigado, solicitando uma auditoria para analisar a necessidade e os impactos dessa importa\u00e7\u00e3o.<\/p>\n","protected":false},"excerpt":{"rendered":"<p>Das quatro empresas que venceram o leil\u00e3o de arroz do governo federal, a maior compradora \u00e9 propriet\u00e1ria de um estabelecimento em Macap\u00e1 (Amap\u00e1), especializado na venda de leite e latic\u00ednios. Outra empresa pertence a um empres\u00e1rio de Bras\u00edlia, que j\u00e1 confessou \u00e0 Justi\u00e7a ter pago propina para obter um contrato com a Secretaria de Transportes [&hellip;]<\/p>\n","protected":false},"author":2,"featured_media":191347,"comment_status":"open","ping_status":"open","sticky":false,"template":"","format":"standard","meta":{"_monsterinsights_skip_tracking":false,"_monsterinsights_sitenote_active":false,"_monsterinsights_sitenote_note":"","_monsterinsights_sitenote_category":0},"categories":[6,30260,30259,12],"tags":[12435,2922,295,383,41354],"aioseo_notices":[],"_links":{"self":[{"href":"https:\/\/mspontocom.com.br\/site\/wp-json\/wp\/v2\/posts\/191342"}],"collection":[{"href":"https:\/\/mspontocom.com.br\/site\/wp-json\/wp\/v2\/posts"}],"about":[{"href":"https:\/\/mspontocom.com.br\/site\/wp-json\/wp\/v2\/types\/post"}],"author":[{"embeddable":true,"href":"https:\/\/mspontocom.com.br\/site\/wp-json\/wp\/v2\/users\/2"}],"replies":[{"embeddable":true,"href":"https:\/\/mspontocom.com.br\/site\/wp-json\/wp\/v2\/comments?post=191342"}],"version-history":[{"count":2,"href":"https:\/\/mspontocom.com.br\/site\/wp-json\/wp\/v2\/posts\/191342\/revisions"}],"predecessor-version":[{"id":191348,"href":"https:\/\/mspontocom.com.br\/site\/wp-json\/wp\/v2\/posts\/191342\/revisions\/191348"}],"wp:featuredmedia":[{"embeddable":true,"href":"https:\/\/mspontocom.com.br\/site\/wp-json\/wp\/v2\/media\/191347"}],"wp:attachment":[{"href":"https:\/\/mspontocom.com.br\/site\/wp-json\/wp\/v2\/media?parent=191342"}],"wp:term":[{"taxonomy":"category","embeddable":true,"href":"https:\/\/mspontocom.com.br\/site\/wp-json\/wp\/v2\/categories?post=191342"},{"taxonomy":"post_tag","embeddable":true,"href":"https:\/\/mspontocom.com.br\/site\/wp-json\/wp\/v2\/tags?post=191342"}],"curies":[{"name":"wp","href":"https:\/\/api.w.org\/{rel}","templated":true}]}}