{"id":191349,"date":"2024-06-08T07:19:32","date_gmt":"2024-06-08T11:19:32","guid":{"rendered":"https:\/\/mspontocom.com.br\/site\/?p=191349"},"modified":"2024-06-08T07:19:32","modified_gmt":"2024-06-08T11:19:32","slug":"moro-combate-com-veemencia-projeto-que-acaba-com-delacao-premiada","status":"publish","type":"post","link":"https:\/\/mspontocom.com.br\/site\/moro-combate-com-veemencia-projeto-que-acaba-com-delacao-premiada\/","title":{"rendered":"Moro combate com veem\u00eancia projeto que acaba com dela\u00e7\u00e3o premiada"},"content":{"rendered":"<p style=\"text-align: justify;\"><img loading=\"lazy\" class=\"alignnone size-full wp-image-191350\" src=\"https:\/\/mspontocom.com.br\/site\/wp-content\/uploads\/2024\/06\/site-moro-lavajato.jpg\" alt=\"\" width=\"680\" height=\"469\" srcset=\"https:\/\/mspontocom.com.br\/site\/wp-content\/uploads\/2024\/06\/site-moro-lavajato.jpg 680w, https:\/\/mspontocom.com.br\/site\/wp-content\/uploads\/2024\/06\/site-moro-lavajato-260x179.jpg 260w\" sizes=\"(max-width: 680px) 100vw, 680px\" \/>O senador Sergio Moro diz que vai trabalhar com veem\u00eancia contra a proposta que quer proibir a dela\u00e7\u00e3o premiada de pessoas presas, resgatada nesta semana pelo presidente da C\u00e2mara dos Deputados, Arthur Lira.<\/p>\n<p style=\"text-align: justify;\">O ex-juiz da Lava Jato, opera\u00e7\u00e3o que se notabilizou pelo uso dos acordos de leni\u00eancia, afirma que o projeto \u201c\u00e9 um grande erro em v\u00e1rios aspectos\u201d.<\/p>\n<p style=\"text-align: justify;\">Caso ela chegue ao Senado, afirma, seu voto j\u00e1 \u00e9 certo: \u201cVotarei contra e com veem\u00eancia\u201d.<\/p>\n<p style=\"text-align: justify;\"><em><span style=\"font-size: 14pt;\">\u201cA meu ver, esse projeto n\u00e3o est\u00e1 sendo muito bem pensado pelos seus defensores. N\u00e3o ter\u00e1 o efeito pretendido e ainda prejudica a ampla defesa e o combate \u00e0 criminalidade. N\u00e3o serve a nada\u201d,<\/span> <\/em>diz Moro.<\/p>\n<p style=\"text-align: justify;\">O senador afirma que o texto, se avan\u00e7ar, ser\u00e1 apenas um desgaste pol\u00edtico para o Congresso.<\/p>\n","protected":false},"excerpt":{"rendered":"<p>O senador Sergio Moro diz que vai trabalhar com veem\u00eancia contra a proposta que quer proibir a dela\u00e7\u00e3o premiada de pessoas presas, resgatada nesta semana pelo presidente da C\u00e2mara dos Deputados, Arthur Lira. O ex-juiz da Lava Jato, opera\u00e7\u00e3o que se notabilizou pelo uso dos acordos de leni\u00eancia, afirma que o projeto \u201c\u00e9 um grande [&hellip;]<\/p>\n","protected":false},"author":2,"featured_media":191350,"comment_status":"open","ping_status":"open","sticky":false,"template":"","format":"standard","meta":{"_monsterinsights_skip_tracking":false,"_monsterinsights_sitenote_active":false,"_monsterinsights_sitenote_note":"","_monsterinsights_sitenote_category":0},"categories":[6,30260,2528,30259,12],"tags":[7277,4946,23158,374],"aioseo_notices":[],"_links":{"self":[{"href":"https:\/\/mspontocom.com.br\/site\/wp-json\/wp\/v2\/posts\/191349"}],"collection":[{"href":"https:\/\/mspontocom.com.br\/site\/wp-json\/wp\/v2\/posts"}],"about":[{"href":"https:\/\/mspontocom.com.br\/site\/wp-json\/wp\/v2\/types\/post"}],"author":[{"embeddable":true,"href":"https:\/\/mspontocom.com.br\/site\/wp-json\/wp\/v2\/users\/2"}],"replies":[{"embeddable":true,"href":"https:\/\/mspontocom.com.br\/site\/wp-json\/wp\/v2\/comments?post=191349"}],"version-history":[{"count":1,"href":"https:\/\/mspontocom.com.br\/site\/wp-json\/wp\/v2\/posts\/191349\/revisions"}],"predecessor-version":[{"id":191351,"href":"https:\/\/mspontocom.com.br\/site\/wp-json\/wp\/v2\/posts\/191349\/revisions\/191351"}],"wp:featuredmedia":[{"embeddable":true,"href":"https:\/\/mspontocom.com.br\/site\/wp-json\/wp\/v2\/media\/191350"}],"wp:attachment":[{"href":"https:\/\/mspontocom.com.br\/site\/wp-json\/wp\/v2\/media?parent=191349"}],"wp:term":[{"taxonomy":"category","embeddable":true,"href":"https:\/\/mspontocom.com.br\/site\/wp-json\/wp\/v2\/categories?post=191349"},{"taxonomy":"post_tag","embeddable":true,"href":"https:\/\/mspontocom.com.br\/site\/wp-json\/wp\/v2\/tags?post=191349"}],"curies":[{"name":"wp","href":"https:\/\/api.w.org\/{rel}","templated":true}]}}