{"id":191355,"date":"2024-06-09T06:53:40","date_gmt":"2024-06-09T10:53:40","guid":{"rendered":"https:\/\/mspontocom.com.br\/site\/?p=191355"},"modified":"2024-06-09T06:53:40","modified_gmt":"2024-06-09T10:53:40","slug":"a-hipocrisia-de-flavio-dino-em-relacao-a-sergio-moro","status":"publish","type":"post","link":"https:\/\/mspontocom.com.br\/site\/a-hipocrisia-de-flavio-dino-em-relacao-a-sergio-moro\/","title":{"rendered":"A hipocrisia de Fl\u00e1vio Dino em rela\u00e7\u00e3o a Sergio Moro"},"content":{"rendered":"<div class=\"video-destaque-desktop\">\n<div class=\"video-destaque-desktop__description\">\n<p style=\"text-align: justify;\"><img loading=\"lazy\" class=\"alignnone size-full wp-image-191356\" src=\"https:\/\/mspontocom.com.br\/site\/wp-content\/uploads\/2024\/06\/site-a-hipocrisia-de-flavio-dino-em-relacao-a-sergio-moro-dino1.png\" alt=\"\" width=\"794\" height=\"482\" srcset=\"https:\/\/mspontocom.com.br\/site\/wp-content\/uploads\/2024\/06\/site-a-hipocrisia-de-flavio-dino-em-relacao-a-sergio-moro-dino1.png 794w, https:\/\/mspontocom.com.br\/site\/wp-content\/uploads\/2024\/06\/site-a-hipocrisia-de-flavio-dino-em-relacao-a-sergio-moro-dino1-260x158.png 260w, https:\/\/mspontocom.com.br\/site\/wp-content\/uploads\/2024\/06\/site-a-hipocrisia-de-flavio-dino-em-relacao-a-sergio-moro-dino1-768x466.png 768w\" sizes=\"(max-width: 794px) 100vw, 794px\" \/>Duas recentes decis\u00f5es de Fl\u00e1vio Dino, ministro do STF, ilustram a politiza\u00e7\u00e3o da Corte.\u00a0Ele votou:<\/p>\n<p style=\"text-align: justify;\">\u2013 contra tornar r\u00e9u Jos\u00e9 Nelto, vice-l\u00edder de seu padrinho Lula, por chamar Gustavo Gayer de nazista e fascista.<\/p>\n<p style=\"text-align: justify;\">\u2013 a favor de receber den\u00fancia contra Sergio Moro por dizer brincando que compraria de Gilmar Mendes um habeas corpus de \u201cpris\u00e3o\u201d de festa junina.<\/p>\n<div class=\"video-destaque-desktop\">\n<div class=\"video-destaque-desktop__description\">\n<p style=\"text-align: justify;\">No caso de Jos\u00e9 Nelto, Dino afirmou que, para ele, as palavras \u201cnazista e fascista\u201d n\u00e3o possuem \u201ccar\u00e1ter de ofensa pessoal\u201d, por se tratarem de uma \u201ccorrente pol\u00edtica\u201d.<\/p>\n<p style=\"text-align: justify;\">Em rela\u00e7\u00e3o a Moro, o ministro do Supremo afirmou que o senador \u201cn\u00e3o fez uma escolha aleat\u00f3ria\u201d no epis\u00f3dio da piada com Gilmar e mencionou que o ministro decano do STF j\u00e1 julgou a\u00e7\u00f5es contra o ex-juiz da Lava Jato.<\/p>\n<\/div>\n<p>fonte: O Antagonista<\/p>\n<\/div>\n<\/div>\n<\/div>\n","protected":false},"excerpt":{"rendered":"<p>Duas recentes decis\u00f5es de Fl\u00e1vio Dino, ministro do STF, ilustram a politiza\u00e7\u00e3o da Corte.\u00a0Ele votou: \u2013 contra tornar r\u00e9u Jos\u00e9 Nelto, vice-l\u00edder de seu padrinho Lula, por chamar Gustavo Gayer de nazista e fascista. \u2013 a favor de receber den\u00fancia contra Sergio Moro por dizer brincando que compraria de Gilmar Mendes um habeas corpus de [&hellip;]<\/p>\n","protected":false},"author":2,"featured_media":191356,"comment_status":"open","ping_status":"open","sticky":false,"template":"","format":"standard","meta":{"_monsterinsights_skip_tracking":false,"_monsterinsights_sitenote_active":false,"_monsterinsights_sitenote_note":"","_monsterinsights_sitenote_category":0},"categories":[6,30260,2528,30259,12],"tags":[33940,41372,20193],"aioseo_notices":[],"_links":{"self":[{"href":"https:\/\/mspontocom.com.br\/site\/wp-json\/wp\/v2\/posts\/191355"}],"collection":[{"href":"https:\/\/mspontocom.com.br\/site\/wp-json\/wp\/v2\/posts"}],"about":[{"href":"https:\/\/mspontocom.com.br\/site\/wp-json\/wp\/v2\/types\/post"}],"author":[{"embeddable":true,"href":"https:\/\/mspontocom.com.br\/site\/wp-json\/wp\/v2\/users\/2"}],"replies":[{"embeddable":true,"href":"https:\/\/mspontocom.com.br\/site\/wp-json\/wp\/v2\/comments?post=191355"}],"version-history":[{"count":1,"href":"https:\/\/mspontocom.com.br\/site\/wp-json\/wp\/v2\/posts\/191355\/revisions"}],"predecessor-version":[{"id":191357,"href":"https:\/\/mspontocom.com.br\/site\/wp-json\/wp\/v2\/posts\/191355\/revisions\/191357"}],"wp:featuredmedia":[{"embeddable":true,"href":"https:\/\/mspontocom.com.br\/site\/wp-json\/wp\/v2\/media\/191356"}],"wp:attachment":[{"href":"https:\/\/mspontocom.com.br\/site\/wp-json\/wp\/v2\/media?parent=191355"}],"wp:term":[{"taxonomy":"category","embeddable":true,"href":"https:\/\/mspontocom.com.br\/site\/wp-json\/wp\/v2\/categories?post=191355"},{"taxonomy":"post_tag","embeddable":true,"href":"https:\/\/mspontocom.com.br\/site\/wp-json\/wp\/v2\/tags?post=191355"}],"curies":[{"name":"wp","href":"https:\/\/api.w.org\/{rel}","templated":true}]}}