{"id":191386,"date":"2024-06-10T13:05:13","date_gmt":"2024-06-10T17:05:13","guid":{"rendered":"https:\/\/mspontocom.com.br\/site\/?p=191386"},"modified":"2024-06-10T13:05:13","modified_gmt":"2024-06-10T17:05:13","slug":"nota-oficial-da-fiems-o-sonho-esta-virando-pesadelo","status":"publish","type":"post","link":"https:\/\/mspontocom.com.br\/site\/nota-oficial-da-fiems-o-sonho-esta-virando-pesadelo\/","title":{"rendered":"Nota Oficial da FIEMS: O sonho est\u00e1 virando pesadelo"},"content":{"rendered":"<p class=\"m_8529677416460715655MsoNoSpacing\" style=\"text-align: justify;\"><img loading=\"lazy\" class=\"alignnone size-full wp-image-191387\" src=\"https:\/\/mspontocom.com.br\/site\/wp-content\/uploads\/2024\/06\/site-artigo-da-fiems-o-sonho-esta-virando-pesadelo-fiems.png\" alt=\"\" width=\"559\" height=\"370\" srcset=\"https:\/\/mspontocom.com.br\/site\/wp-content\/uploads\/2024\/06\/site-artigo-da-fiems-o-sonho-esta-virando-pesadelo-fiems.png 559w, https:\/\/mspontocom.com.br\/site\/wp-content\/uploads\/2024\/06\/site-artigo-da-fiems-o-sonho-esta-virando-pesadelo-fiems-260x172.png 260w\" sizes=\"(max-width: 559px) 100vw, 559px\" \/><\/p>\n<p class=\"m_8529677416460715655MsoNoSpacing\" style=\"text-align: justify;\">Os \u00faltimos dias n\u00e3o t\u00eam sido f\u00e1ceis para o empres\u00e1rio neste pa\u00eds.<\/p>\n<p class=\"m_8529677416460715655MsoNoSpacing\" style=\"text-align: justify;\">As surpresas negativas est\u00e3o se avolumando e a cada dia acordamos com uma nova.<\/p>\n<p class=\"m_8529677416460715655MsoNoSpacing\" style=\"text-align: justify;\">A \u00faltima foi a Medida Provis\u00f3ria 1227, que trata da restri\u00e7\u00e3o \u00e0 compensa\u00e7\u00e3o de cr\u00e9ditos tribut\u00e1rios. \u00a0<u><\/u><u><\/u>\u00a0<u><\/u><u><\/u><\/p>\n<p class=\"m_8529677416460715655MsoNoSpacing\" style=\"text-align: justify;\">O empres\u00e1rio ainda nem estava recuperado de outros dois golpes fortes, que foram a desonera\u00e7\u00e3o da folha de pagamento e o fim da subven\u00e7\u00e3o de incentivos fiscais, e j\u00e1 foi atropelado por esta nova MP desastrosa.<u><\/u><u><\/u>\u00a0<u><\/u><u><\/u><\/p>\n<p class=\"m_8529677416460715655MsoNoSpacing\" style=\"text-align: justify;\">Mas afinal, o que est\u00e1 acontecendo com o setor empresarial brasileiro e com o Governo Federal?<\/p>\n<p class=\"m_8529677416460715655MsoNoSpacing\" style=\"text-align: justify;\">Tentaremos explicar a partir da \u00f3tica de quem paga o imposto.<u><\/u><u><\/u>\u00a0<u><\/u><u><\/u><\/p>\n<p class=\"m_8529677416460715655MsoNoSpacing\" style=\"text-align: justify;\">\u00c9 sabido por todos a grande necessidade de ajustes fiscais nas contas p\u00fablicas. Para quem n\u00e3o sabe, o ajuste fiscal\u00a0\u00e9 feito por medidas adotadas pelo governo para equilibrar as finan\u00e7as p\u00fablicas, diminuindo gastos e aumentando as receitas.<u><\/u><u><\/u>\u00a0<u><\/u><u><\/u><\/p>\n<p class=\"m_8529677416460715655MsoNoSpacing\" style=\"text-align: justify;\">Infelizmente, estamos vivendo a l\u00f3gica inversa disso tudo.<\/p>\n<p class=\"m_8529677416460715655MsoNoSpacing\" style=\"text-align: justify;\">As medidas de aumento de receita est\u00e3o acontecendo uma atr\u00e1s da outra via aumento de impostos, taxas e tributos.<\/p>\n<p class=\"m_8529677416460715655MsoNoSpacing\" style=\"text-align: justify;\">No entanto, a contrapartida do governo, que seria a diminui\u00e7\u00e3o de gastos, est\u00e1 longe de acontecer.<u><\/u><u><\/u>\u00a0<u><\/u><u><\/u><\/p>\n<p class=\"m_8529677416460715655MsoNoSpacing\" style=\"text-align: justify;\">As medidas que v\u00eam sendo tomadas, al\u00e9m de n\u00e3o trazerem o equil\u00edbrio fiscal, fazem a ind\u00fastria brasileira perder ainda mais competitividade.<\/p>\n<p class=\"m_8529677416460715655MsoNoSpacing\" style=\"text-align: justify;\">\u00c9 necess\u00e1rio que o Governo Federal repense toda sua pol\u00edtica fiscal e tribut\u00e1ria, uma vez que, neste ritmo, em pouco tempo o setor industrial brasileiro estar\u00e1 esfacelado.<u><\/u><u><\/u>\u00a0<u><\/u><u><\/u><\/p>\n<p class=\"m_8529677416460715655MsoNoSpacing\" style=\"text-align: justify;\">Apenas nessa \u00faltima a\u00e7\u00e3o, a MP 1227, as perdas da ind\u00fastria brasileira est\u00e3o estimadas em R$ 29,2 bilh\u00f5es ainda neste ano.<\/p>\n<p class=\"m_8529677416460715655MsoNoSpacing\" style=\"text-align: justify;\">Quando falamos de Mato Grosso do Sul, com essas medidas, a previs\u00e3o \u00e9 de que a ind\u00fastria perca 25% de sua competitividade, comprometendo seriamente os investimentos previstos para o Estado.<u><\/u><u><\/u>\u00a0<u><\/u><u><\/u><\/p>\n<p class=\"m_8529677416460715655MsoNoSpacing\" style=\"text-align: justify;\">O que isso significa na pr\u00e1tica?<\/p>\n<p class=\"m_8529677416460715655MsoNoSpacing\" style=\"text-align: justify;\">Um efeito direto no consumo das fam\u00edlias, com pre\u00e7os mais caros dos produtos e o fantasma da infla\u00e7\u00e3o rondando a vida de toda sociedade novamente.<\/p>\n<p class=\"m_8529677416460715655MsoNoSpacing\" style=\"text-align: justify;\">Quem sente diretamente esses aumentos de impostos absurdos, \u00e9, sem d\u00favida alguma, a popula\u00e7\u00e3o.<u><\/u><u><\/u><u><\/u>\u00a0<u><\/u><\/p>\n<p class=\"m_8529677416460715655MsoNoSpacing\" style=\"text-align: justify;\">\u00a0O que mais preocupa \u00e9 que hoje Mato Grosso do Sul est\u00e1 nos seus melhores momentos de desenvolvimento e atra\u00e7\u00e3o de investimentos.<\/p>\n<p class=\"m_8529677416460715655MsoNoSpacing\" style=\"text-align: justify;\">Com as medidas do governo federal, agora tudo vira risco. Investimentos bilion\u00e1rios ficam comprometidos e o que poderia ser um sonho est\u00e1 virando pesadelo.<u><\/u><u><\/u>\u00a0<u><\/u><u><\/u><\/p>\n<p class=\"m_8529677416460715655MsoNoSpacing\" style=\"text-align: justify;\">Diante disso, a Fiems apela ao Congresso Nacional, em especial aos parlamentares de Mato Grosso do Sul, os senadores Nelsinho Trad, Soraya Thronicke e TerezaCristina, al\u00e9m dos nossos deputados federais Beto Pereira, Camila Jara, Dagoberto Nogueira, Luiz Ovando, Geraldo Resende, Marcos Pollon, Rodolfo Nogueira e Vander Loubet, para que n\u00e3o sejam coniventes com essa pol\u00edtica suicida que est\u00e1 sendo montada pelo governo federal tendo como alvo as empresas brasileiras<\/p>\n<p>Veja mais not\u00edcias em: <a href=\"http:\/\/www.mspontocom.com.br\">www.mspontocom.com.br<\/a><\/p>\n<p>Nosso X (Twitter) @mspontocom<\/p>\n","protected":false},"excerpt":{"rendered":"<p>Os \u00faltimos dias n\u00e3o t\u00eam sido f\u00e1ceis para o empres\u00e1rio neste pa\u00eds. As surpresas negativas est\u00e3o se avolumando e a cada dia acordamos com uma nova. A \u00faltima foi a Medida Provis\u00f3ria 1227, que trata da restri\u00e7\u00e3o \u00e0 compensa\u00e7\u00e3o de cr\u00e9ditos tribut\u00e1rios. \u00a0\u00a0 O empres\u00e1rio ainda nem estava recuperado de outros dois golpes fortes, que [&hellip;]<\/p>\n","protected":false},"author":2,"featured_media":191387,"comment_status":"open","ping_status":"open","sticky":false,"template":"","format":"standard","meta":{"_monsterinsights_skip_tracking":false,"_monsterinsights_sitenote_active":false,"_monsterinsights_sitenote_note":"","_monsterinsights_sitenote_category":0},"categories":[74],"tags":[2887,5826],"aioseo_notices":[],"_links":{"self":[{"href":"https:\/\/mspontocom.com.br\/site\/wp-json\/wp\/v2\/posts\/191386"}],"collection":[{"href":"https:\/\/mspontocom.com.br\/site\/wp-json\/wp\/v2\/posts"}],"about":[{"href":"https:\/\/mspontocom.com.br\/site\/wp-json\/wp\/v2\/types\/post"}],"author":[{"embeddable":true,"href":"https:\/\/mspontocom.com.br\/site\/wp-json\/wp\/v2\/users\/2"}],"replies":[{"embeddable":true,"href":"https:\/\/mspontocom.com.br\/site\/wp-json\/wp\/v2\/comments?post=191386"}],"version-history":[{"count":1,"href":"https:\/\/mspontocom.com.br\/site\/wp-json\/wp\/v2\/posts\/191386\/revisions"}],"predecessor-version":[{"id":191388,"href":"https:\/\/mspontocom.com.br\/site\/wp-json\/wp\/v2\/posts\/191386\/revisions\/191388"}],"wp:featuredmedia":[{"embeddable":true,"href":"https:\/\/mspontocom.com.br\/site\/wp-json\/wp\/v2\/media\/191387"}],"wp:attachment":[{"href":"https:\/\/mspontocom.com.br\/site\/wp-json\/wp\/v2\/media?parent=191386"}],"wp:term":[{"taxonomy":"category","embeddable":true,"href":"https:\/\/mspontocom.com.br\/site\/wp-json\/wp\/v2\/categories?post=191386"},{"taxonomy":"post_tag","embeddable":true,"href":"https:\/\/mspontocom.com.br\/site\/wp-json\/wp\/v2\/tags?post=191386"}],"curies":[{"name":"wp","href":"https:\/\/api.w.org\/{rel}","templated":true}]}}