{"id":191389,"date":"2024-06-11T06:19:29","date_gmt":"2024-06-11T10:19:29","guid":{"rendered":"https:\/\/mspontocom.com.br\/site\/?p=191389"},"modified":"2024-06-11T06:19:29","modified_gmt":"2024-06-11T10:19:29","slug":"argentina-avalia-refugio-a-manifestantes-do-8-de-janeiro","status":"publish","type":"post","link":"https:\/\/mspontocom.com.br\/site\/argentina-avalia-refugio-a-manifestantes-do-8-de-janeiro\/","title":{"rendered":"Argentina avalia ref\u00fagio a manifestantes do 8 de janeiro"},"content":{"rendered":"<p style=\"text-align: justify;\"><img loading=\"lazy\" class=\"alignnone size-full wp-image-191407\" src=\"https:\/\/mspontocom.com.br\/site\/wp-content\/uploads\/2024\/06\/site-argentina-avalia-refugio-a-manifestantes-do-8-de-janeiro-milei.jpeg\" alt=\"\" width=\"690\" height=\"460\" srcset=\"https:\/\/mspontocom.com.br\/site\/wp-content\/uploads\/2024\/06\/site-argentina-avalia-refugio-a-manifestantes-do-8-de-janeiro-milei.jpeg 690w, https:\/\/mspontocom.com.br\/site\/wp-content\/uploads\/2024\/06\/site-argentina-avalia-refugio-a-manifestantes-do-8-de-janeiro-milei-260x173.jpeg 260w\" sizes=\"(max-width: 690px) 100vw, 690px\" \/>O governo da Argentina vai analisar os pedidos de ref\u00fagio feito por manifestantes dos atos nas sedes dos Tr\u00eas Poderes, em Bras\u00edlia, no dia <strong>8 de janeiro<\/strong> de 2023.<\/p>\n<p style=\"text-align: justify;\">O an\u00fancio foi feito pelo porta-voz da Casa Rosada, Manuel Adorni, em entrevista coletiva nesta segunda-feira.<\/p>\n<p style=\"text-align: justify;\">Adorni destacou que a Comiss\u00e3o Nacional de Refugiados (Conare) ser\u00e1 respons\u00e1vel por avaliar a legalidade e a viabilidade dos pedidos de forma individual (caso a caso).<\/p>\n<p style=\"text-align: justify;\">Questionado se o governo argentino vai fornecer ao Brasil informa\u00e7\u00f5es sobre os condenados pelos atos que est\u00e3o no pa\u00eds vizinho, Manuel Adorni disse que a Argentina vai cumprir a lei.<\/p>\n<p style=\"text-align: justify;\">Na \u00faltima sexta-feira (7), a embaixada do Brasil solicitou ao governo argentino informa\u00e7\u00f5es sobre os foragidos que est\u00e3o no pa\u00eds vizinho.<\/p>\n<p style=\"text-align: justify;\">fonte: Di\u00e1rio do Poder<\/p>\n<p style=\"text-align: justify;\">Veja mais not\u00edcias em: <a href=\"http:\/\/www.mspontocom.com.br\">www.mspontocom.com.br<\/a><\/p>\n<p style=\"text-align: justify;\">Nosso X (Twitter) @mspontocom<\/p>\n<p>foto: Brasil de Fato<\/p>\n","protected":false},"excerpt":{"rendered":"<p>O governo da Argentina vai analisar os pedidos de ref\u00fagio feito por manifestantes dos atos nas sedes dos Tr\u00eas Poderes, em Bras\u00edlia, no dia 8 de janeiro de 2023. O an\u00fancio foi feito pelo porta-voz da Casa Rosada, Manuel Adorni, em entrevista coletiva nesta segunda-feira. Adorni destacou que a Comiss\u00e3o Nacional de Refugiados (Conare) ser\u00e1 [&hellip;]<\/p>\n","protected":false},"author":2,"featured_media":191407,"comment_status":"open","ping_status":"open","sticky":false,"template":"","format":"standard","meta":{"_monsterinsights_skip_tracking":false,"_monsterinsights_sitenote_active":false,"_monsterinsights_sitenote_note":"","_monsterinsights_sitenote_category":0},"categories":[7,12],"tags":[39051,478,12841,41377],"aioseo_notices":[],"_links":{"self":[{"href":"https:\/\/mspontocom.com.br\/site\/wp-json\/wp\/v2\/posts\/191389"}],"collection":[{"href":"https:\/\/mspontocom.com.br\/site\/wp-json\/wp\/v2\/posts"}],"about":[{"href":"https:\/\/mspontocom.com.br\/site\/wp-json\/wp\/v2\/types\/post"}],"author":[{"embeddable":true,"href":"https:\/\/mspontocom.com.br\/site\/wp-json\/wp\/v2\/users\/2"}],"replies":[{"embeddable":true,"href":"https:\/\/mspontocom.com.br\/site\/wp-json\/wp\/v2\/comments?post=191389"}],"version-history":[{"count":2,"href":"https:\/\/mspontocom.com.br\/site\/wp-json\/wp\/v2\/posts\/191389\/revisions"}],"predecessor-version":[{"id":191408,"href":"https:\/\/mspontocom.com.br\/site\/wp-json\/wp\/v2\/posts\/191389\/revisions\/191408"}],"wp:featuredmedia":[{"embeddable":true,"href":"https:\/\/mspontocom.com.br\/site\/wp-json\/wp\/v2\/media\/191407"}],"wp:attachment":[{"href":"https:\/\/mspontocom.com.br\/site\/wp-json\/wp\/v2\/media?parent=191389"}],"wp:term":[{"taxonomy":"category","embeddable":true,"href":"https:\/\/mspontocom.com.br\/site\/wp-json\/wp\/v2\/categories?post=191389"},{"taxonomy":"post_tag","embeddable":true,"href":"https:\/\/mspontocom.com.br\/site\/wp-json\/wp\/v2\/tags?post=191389"}],"curies":[{"name":"wp","href":"https:\/\/api.w.org\/{rel}","templated":true}]}}