{"id":191391,"date":"2024-06-11T05:58:46","date_gmt":"2024-06-11T09:58:46","guid":{"rendered":"https:\/\/mspontocom.com.br\/site\/?p=191391"},"modified":"2024-06-11T05:58:46","modified_gmt":"2024-06-11T09:58:46","slug":"brasil-sera-o-proximo-diz-bolsonaro-sobre-avanco-da-direita-na-europa","status":"publish","type":"post","link":"https:\/\/mspontocom.com.br\/site\/brasil-sera-o-proximo-diz-bolsonaro-sobre-avanco-da-direita-na-europa\/","title":{"rendered":"Brasil ser\u00e1 o pr\u00f3ximo, diz Bolsonaro sobre avan\u00e7o da direita na Europa"},"content":{"rendered":"<p><img loading=\"lazy\" class=\"size-full wp-image-191402\" src=\"https:\/\/mspontocom.com.br\/site\/wp-content\/uploads\/2024\/06\/site-brasil-sera-o-proximo-diz-bolsonaro-sobre-avanco-da-direita-na-europ-bolsonaro-sorrindo.jpg\" alt=\"\" width=\"1024\" height=\"768\" srcset=\"https:\/\/mspontocom.com.br\/site\/wp-content\/uploads\/2024\/06\/site-brasil-sera-o-proximo-diz-bolsonaro-sobre-avanco-da-direita-na-europ-bolsonaro-sorrindo.jpg 1024w, https:\/\/mspontocom.com.br\/site\/wp-content\/uploads\/2024\/06\/site-brasil-sera-o-proximo-diz-bolsonaro-sobre-avanco-da-direita-na-europ-bolsonaro-sorrindo-260x195.jpg 260w, https:\/\/mspontocom.com.br\/site\/wp-content\/uploads\/2024\/06\/site-brasil-sera-o-proximo-diz-bolsonaro-sobre-avanco-da-direita-na-europ-bolsonaro-sorrindo-768x576.jpg 768w\" sizes=\"(max-width: 1024px) 100vw, 1024px\" \/><\/p>\n<p style=\"text-align: justify;\">O ex-presidente Jair Bolsonaro disse nesta 2\u00aa feira que os EUA e o Brasil ser\u00e3o os pr\u00f3ximos a integrar a \u201ccorrente do bem\u201d da direita.<\/p>\n<p style=\"text-align: justify;\">A fala se d\u00e1 depois do resultado das elei\u00e7\u00f5es para o Parlamento Europeu, finalizadas no domingo (9.jun).<\/p>\n<p style=\"text-align: justify;\">Com a nova composi\u00e7\u00e3o, os deputados de direita e centro-direita ser\u00e3o 395 do total de 720, dom\u00ednio de 54,9%.<\/p>\n<p style=\"text-align: justify;\">\u00c9 um dos resultados mais expressivos do grupo desde a funda\u00e7\u00e3o da Uni\u00e3o Europeia.<\/p>\n<p style=\"text-align: justify;\">\u201cA Europa se cansou da esquerda, de pa\u00edses sem fronteiras, da agenda 2030, ESG, descarboniza\u00e7\u00e3o, ideologia de g\u00eanero, libertinagens\u201d, disse Bolsonaro em seu perfil no X (ex-Twitter).<\/p>\n<p style=\"text-align: justify;\">Segundo ele, os \u201cvalores da fam\u00edlia\u201d, respeito \u00e0 propriedade privada, leg\u00edtimo direito \u00e0 defesa e liberdade de express\u00e3o \u201cfalaram mais alto no momento certo\u201d.<\/p>\n<p style=\"text-align: justify;\">fonte: Poder 360<\/p>\n<p style=\"text-align: justify;\">Veja mais not\u00edcias em: <a href=\"http:\/\/www.mspontocom.com.br\">www.mspontocom.com.br<\/a><\/p>\n<p style=\"text-align: justify;\">Nosso X (Twitter) @mspontocom<\/p>\n","protected":false},"excerpt":{"rendered":"<p>O ex-presidente Jair Bolsonaro disse nesta 2\u00aa feira que os EUA e o Brasil ser\u00e3o os pr\u00f3ximos a integrar a \u201ccorrente do bem\u201d da direita. A fala se d\u00e1 depois do resultado das elei\u00e7\u00f5es para o Parlamento Europeu, finalizadas no domingo (9.jun). Com a nova composi\u00e7\u00e3o, os deputados de direita e centro-direita ser\u00e3o 395 do [&hellip;]<\/p>\n","protected":false},"author":2,"featured_media":191402,"comment_status":"open","ping_status":"open","sticky":false,"template":"","format":"standard","meta":{"_monsterinsights_skip_tracking":false,"_monsterinsights_sitenote_active":false,"_monsterinsights_sitenote_note":"","_monsterinsights_sitenote_category":0},"categories":[6,30260,30259,12],"tags":[28604,21017,30254,32323,1921,30727],"aioseo_notices":[],"_links":{"self":[{"href":"https:\/\/mspontocom.com.br\/site\/wp-json\/wp\/v2\/posts\/191391"}],"collection":[{"href":"https:\/\/mspontocom.com.br\/site\/wp-json\/wp\/v2\/posts"}],"about":[{"href":"https:\/\/mspontocom.com.br\/site\/wp-json\/wp\/v2\/types\/post"}],"author":[{"embeddable":true,"href":"https:\/\/mspontocom.com.br\/site\/wp-json\/wp\/v2\/users\/2"}],"replies":[{"embeddable":true,"href":"https:\/\/mspontocom.com.br\/site\/wp-json\/wp\/v2\/comments?post=191391"}],"version-history":[{"count":3,"href":"https:\/\/mspontocom.com.br\/site\/wp-json\/wp\/v2\/posts\/191391\/revisions"}],"predecessor-version":[{"id":191404,"href":"https:\/\/mspontocom.com.br\/site\/wp-json\/wp\/v2\/posts\/191391\/revisions\/191404"}],"wp:featuredmedia":[{"embeddable":true,"href":"https:\/\/mspontocom.com.br\/site\/wp-json\/wp\/v2\/media\/191402"}],"wp:attachment":[{"href":"https:\/\/mspontocom.com.br\/site\/wp-json\/wp\/v2\/media?parent=191391"}],"wp:term":[{"taxonomy":"category","embeddable":true,"href":"https:\/\/mspontocom.com.br\/site\/wp-json\/wp\/v2\/categories?post=191391"},{"taxonomy":"post_tag","embeddable":true,"href":"https:\/\/mspontocom.com.br\/site\/wp-json\/wp\/v2\/tags?post=191391"}],"curies":[{"name":"wp","href":"https:\/\/api.w.org\/{rel}","templated":true}]}}