{"id":191397,"date":"2024-06-11T05:37:53","date_gmt":"2024-06-11T09:37:53","guid":{"rendered":"https:\/\/mspontocom.com.br\/site\/?p=191397"},"modified":"2024-06-11T05:37:53","modified_gmt":"2024-06-11T09:37:53","slug":"o-sistema-e-a-incansavel-caca-ao-mandato-de-sergio-moro","status":"publish","type":"post","link":"https:\/\/mspontocom.com.br\/site\/o-sistema-e-a-incansavel-caca-ao-mandato-de-sergio-moro\/","title":{"rendered":"O Sistema e a incans\u00e1vel ca\u00e7a ao mandato de Sergio Moro"},"content":{"rendered":"<p style=\"text-align: justify;\"><img loading=\"lazy\" class=\"alignnone size-full wp-image-191398\" src=\"https:\/\/mspontocom.com.br\/site\/wp-content\/uploads\/2024\/06\/site-a-incansavel-caca-ao-mandato-de-sergio-moro-moro-lavajato.jpg\" alt=\"\" width=\"680\" height=\"469\" srcset=\"https:\/\/mspontocom.com.br\/site\/wp-content\/uploads\/2024\/06\/site-a-incansavel-caca-ao-mandato-de-sergio-moro-moro-lavajato.jpg 680w, https:\/\/mspontocom.com.br\/site\/wp-content\/uploads\/2024\/06\/site-a-incansavel-caca-ao-mandato-de-sergio-moro-moro-lavajato-260x179.jpg 260w\" sizes=\"(max-width: 680px) 100vw, 680px\" \/>Na imprensa (onde tamb\u00e9m pesa a busca por cliques) e nos tribunais, al\u00e9m dos \u00f3rg\u00e3os de fiscaliza\u00e7\u00e3o e controle, a preponder\u00e2ncia da <strong>preocupa\u00e7\u00e3o pol\u00edtica<\/strong> \u00e9 ambiente ideal para que o lado mais poderoso se imponha sobre o outro lado.<\/p>\n<p style=\"text-align: justify;\">O caso de <strong>Sergio Moro<\/strong>\u00a0envolvendo\u00a0<strong>Gilmar Mendes<\/strong>\u00a0\u00e9 ilustrativo.<\/p>\n<p style=\"text-align: justify;\">Entre a divulga\u00e7\u00e3o de um corte de v\u00eddeo em rede social no come\u00e7o de abril de 2023 e a decis\u00e3o tomada pelo STF em 4 de junho de 2024 foi de tornar Moro r\u00e9u por cal\u00fania <b>por uma simples piada<\/b><\/p>\n<p style=\"text-align: justify;\">Sergio Moro foi tamb\u00e9m correu o risco de perder seu mandato por suposto favoricemento nas elei\u00e7\u00f5es de 2022, mas o TSE decidiu de <strong>forma un\u00e2nime<\/strong> pela absolvi\u00e7\u00e3o do senador \u00a0no processo que pedia sua\u00a0 cassa\u00e7\u00e3o\u00a0 e de seus suplentes.<\/p>\n<p style=\"text-align: justify;\">Agora \u00e9 a vez Corregedoria do Conselho Nacional de Justi\u00e7a (CNJ)\u00a0 indicar para Pol\u00edcia Federal (PF) que o senador Sergio Moro cometeu o suposto<strong> crime de peculato<\/strong> por desvio, ao destinar recursos da Lava Jato para uma funda\u00e7\u00e3o privada.<\/p>\n<p style=\"text-align: justify;\"><strong>No Brasil o crime compensa.<\/strong><\/p>\n<p style=\"text-align: justify;\"><strong>Sergio Moro ao combat\u00ea-lo sofre a press\u00e3o do sistema.<\/strong><\/p>\n<p style=\"text-align: justify;\">Veja mais not\u00edcias em: <a href=\"http:\/\/www.mspontocom.com.br\">www.mspontocom.com.br<\/a><\/p>\n<p style=\"text-align: justify;\">Nosso X (Twitter) @mspontocom<\/p>\n<p style=\"text-align: justify;\">\n<p style=\"text-align: justify;\">\n","protected":false},"excerpt":{"rendered":"<p>Na imprensa (onde tamb\u00e9m pesa a busca por cliques) e nos tribunais, al\u00e9m dos \u00f3rg\u00e3os de fiscaliza\u00e7\u00e3o e controle, a preponder\u00e2ncia da preocupa\u00e7\u00e3o pol\u00edtica \u00e9 ambiente ideal para que o lado mais poderoso se imponha sobre o outro lado. O caso de Sergio Moro\u00a0envolvendo\u00a0Gilmar Mendes\u00a0\u00e9 ilustrativo. Entre a divulga\u00e7\u00e3o de um corte de v\u00eddeo em [&hellip;]<\/p>\n","protected":false},"author":2,"featured_media":191398,"comment_status":"open","ping_status":"open","sticky":false,"template":"","format":"standard","meta":{"_monsterinsights_skip_tracking":false,"_monsterinsights_sitenote_active":false,"_monsterinsights_sitenote_note":"","_monsterinsights_sitenote_category":0},"categories":[12],"tags":[41101,7419,20193,2342],"aioseo_notices":[],"_links":{"self":[{"href":"https:\/\/mspontocom.com.br\/site\/wp-json\/wp\/v2\/posts\/191397"}],"collection":[{"href":"https:\/\/mspontocom.com.br\/site\/wp-json\/wp\/v2\/posts"}],"about":[{"href":"https:\/\/mspontocom.com.br\/site\/wp-json\/wp\/v2\/types\/post"}],"author":[{"embeddable":true,"href":"https:\/\/mspontocom.com.br\/site\/wp-json\/wp\/v2\/users\/2"}],"replies":[{"embeddable":true,"href":"https:\/\/mspontocom.com.br\/site\/wp-json\/wp\/v2\/comments?post=191397"}],"version-history":[{"count":1,"href":"https:\/\/mspontocom.com.br\/site\/wp-json\/wp\/v2\/posts\/191397\/revisions"}],"predecessor-version":[{"id":191399,"href":"https:\/\/mspontocom.com.br\/site\/wp-json\/wp\/v2\/posts\/191397\/revisions\/191399"}],"wp:featuredmedia":[{"embeddable":true,"href":"https:\/\/mspontocom.com.br\/site\/wp-json\/wp\/v2\/media\/191398"}],"wp:attachment":[{"href":"https:\/\/mspontocom.com.br\/site\/wp-json\/wp\/v2\/media?parent=191397"}],"wp:term":[{"taxonomy":"category","embeddable":true,"href":"https:\/\/mspontocom.com.br\/site\/wp-json\/wp\/v2\/categories?post=191397"},{"taxonomy":"post_tag","embeddable":true,"href":"https:\/\/mspontocom.com.br\/site\/wp-json\/wp\/v2\/tags?post=191397"}],"curies":[{"name":"wp","href":"https:\/\/api.w.org\/{rel}","templated":true}]}}