{"id":191446,"date":"2024-06-12T05:56:56","date_gmt":"2024-06-12T09:56:56","guid":{"rendered":"https:\/\/mspontocom.com.br\/site\/?p=191446"},"modified":"2024-06-12T05:56:56","modified_gmt":"2024-06-12T09:56:56","slug":"ministerio-publico-federal-em-mato-grosso-do-sul-abre-vagas-para-estagio","status":"publish","type":"post","link":"https:\/\/mspontocom.com.br\/site\/ministerio-publico-federal-em-mato-grosso-do-sul-abre-vagas-para-estagio\/","title":{"rendered":"Minist\u00e9rio P\u00fablico Federal em Mato Grosso do Sul abre vagas para est\u00e1gio"},"content":{"rendered":"<p style=\"text-align: justify;\"><img loading=\"lazy\" class=\"alignnone size-full wp-image-191447\" src=\"https:\/\/mspontocom.com.br\/site\/wp-content\/uploads\/2024\/06\/site-ministerio-publico-federal-em-mato-grosso-do-sul-abre-vagas-para-estagio-mp.jpeg\" alt=\"\" width=\"545\" height=\"381\" srcset=\"https:\/\/mspontocom.com.br\/site\/wp-content\/uploads\/2024\/06\/site-ministerio-publico-federal-em-mato-grosso-do-sul-abre-vagas-para-estagio-mp.jpeg 545w, https:\/\/mspontocom.com.br\/site\/wp-content\/uploads\/2024\/06\/site-ministerio-publico-federal-em-mato-grosso-do-sul-abre-vagas-para-estagio-mp-260x182.jpeg 260w\" sizes=\"(max-width: 545px) 100vw, 545px\" \/><\/p>\n<p style=\"text-align: justify;\">O Minist\u00e9rio P\u00fablico Federal (MPF) em Mato Grosso do Sul publicou o edital do Processo Seletivo de Estagi\u00e1rios de Direito, Comunica\u00e7\u00e3o Social \u2013 Jornalismo e de Ensino M\u00e9dio, com previs\u00e3o de\u00a0 vagas para contrata\u00e7\u00e3o imediata e forma\u00e7\u00e3o de cadastro de reserva.<\/p>\n<p style=\"text-align: justify;\">Os estudantes v\u00e3o atuar nas procuradorias da Rep\u00fablica em Campo Grande e nos munic\u00edpios de Corumb\u00e1, Dourados e Tr\u00eas Lagoas.<\/p>\n<p>O edital completo est\u00e1 dispon\u00edvel na p\u00e1gina do concurso (acesse clicando\u00a0<a href=\"https:\/\/www.mpf.mp.br\/ms\/estagie-conosco\/processo-seletivo-2024-1\/processo-seletivo-2024\" target=\"_blank\" rel=\"noopener\" data-saferedirecturl=\"https:\/\/www.google.com\/url?q=https:\/\/www.mpf.mp.br\/ms\/estagie-conosco\/processo-seletivo-2024-1\/processo-seletivo-2024&amp;source=gmail&amp;ust=1718271186567000&amp;usg=AOvVaw2kEiwhI4mRIkoVbuJrCzVb\">aqui<\/a>) e as\u00a0<b>inscri\u00e7\u00f5es poder\u00e3o ser feitas at\u00e9 as 22 horas do dia 23 de junho<\/b>.<\/p>\n<p style=\"text-align: justify;\">O passo a passo e orienta\u00e7\u00f5es completas para efetuar a inscri\u00e7\u00e3o est\u00e3o dispon\u00edveis no portal do MPF:\u00a0<a href=\"http:\/\/www.mpf.mp.br\/ms\/estagie-conosco\/processo-seletivo-2024-1\/\" target=\"_blank\" rel=\"noopener\" data-saferedirecturl=\"https:\/\/www.google.com\/url?q=http:\/\/www.mpf.mp.br\/ms\/estagie-conosco\/processo-seletivo-2024-1\/&amp;source=gmail&amp;ust=1718271186567000&amp;usg=AOvVaw2Y26JIPlDGSzkAqNhluo6q\">www.mpf.mp.br\/ms\/estagie-<wbr \/>conosco\/processo-seletivo-<wbr \/>2024-1\/<\/a><\/p>\n<p>Os interessados dever\u00e3o preencher a ficha de inscri\u00e7\u00e3o, dispon\u00edvel\u00a0<a href=\"http:\/\/horus.mpf.mp.br\/horusnet_public\/?app=processoSeletivoEstagioNet#\/index\" target=\"_blank\" rel=\"noopener\" data-saferedirecturl=\"https:\/\/www.google.com\/url?q=http:\/\/horus.mpf.mp.br\/horusnet_public\/?app%3DprocessoSeletivoEstagioNet%23\/index&amp;source=gmail&amp;ust=1718271186567000&amp;usg=AOvVaw1QtWbPbZ5gaqqogAmKwS4T\">neste link<\/a>\u00a0e, depois de conclu\u00edda esta etapa, enviar a documenta\u00e7\u00e3o pessoal, por meio\u00a0<a href=\"http:\/\/aplicativos.mpf.mp.br\/concurso_estagio\/docestagio\/acesso_externo\/index.php?flag=2031\" target=\"_blank\" rel=\"noopener\" data-saferedirecturl=\"https:\/\/www.google.com\/url?q=http:\/\/aplicativos.mpf.mp.br\/concurso_estagio\/docestagio\/acesso_externo\/index.php?flag%3D2031&amp;source=gmail&amp;ust=1718271186567000&amp;usg=AOvVaw08j7KgGbbVOv_v-eP0yXPl\">deste link<\/a>.<\/p>\n<p style=\"text-align: justify;\">S\u00f3 poder\u00e3o participar deste processo seletivo os alunos matriculados em uma das Institui\u00e7\u00f5es de Ensino M\u00e9dio ou Superior conveniadas com o MPF\/MS. S\u00e3o elas:<\/p>\n<p>Faculdade Anhanguera de Dourados<br \/>\nFaculdade Insted \u2013 IES<br \/>\nInstituto Federal de Mato Grosso do Sul \u2013 IFMS<br \/>\nUniversidade Anhanguera \u2013 Uniderp<br \/>\nUniversidade Cat\u00f3lica Dom Bosco \u2013 UCDB<br \/>\nUnigran Educacional, mantenedora do Centro Universit\u00e1rio Unigran &#8211; Capital e do<br \/>\nCentro Universit\u00e1rio da Grande Dourados<br \/>\nUniversidade Estadual do Mato Grosso do Sul \u2013 UEMS<br \/>\nUniversidade Federal da Grande Dourados \u2013 UFGD<br \/>\nUniversidade Federal de Mato Grosso do Sul \u2013 UFMS<\/p>\n<p style=\"text-align: justify;\">Veja mais not\u00edcias em: <a href=\"http:\/\/www.mspontocom.com.br\">www.mspontocom.com.br<\/a><\/p>\n<p style=\"text-align: justify;\">Nosso X (Twitter) @mspontocom<\/p>\n","protected":false},"excerpt":{"rendered":"<p>O Minist\u00e9rio P\u00fablico Federal (MPF) em Mato Grosso do Sul publicou o edital do Processo Seletivo de Estagi\u00e1rios de Direito, Comunica\u00e7\u00e3o Social \u2013 Jornalismo e de Ensino M\u00e9dio, com previs\u00e3o de\u00a0 vagas para contrata\u00e7\u00e3o imediata e forma\u00e7\u00e3o de cadastro de reserva. Os estudantes v\u00e3o atuar nas procuradorias da Rep\u00fablica em Campo Grande e nos munic\u00edpios [&hellip;]<\/p>\n","protected":false},"author":2,"featured_media":191447,"comment_status":"open","ping_status":"open","sticky":false,"template":"","format":"standard","meta":{"_monsterinsights_skip_tracking":false,"_monsterinsights_sitenote_active":false,"_monsterinsights_sitenote_note":"","_monsterinsights_sitenote_category":0},"categories":[74],"tags":[6350,5222,81],"aioseo_notices":[],"_links":{"self":[{"href":"https:\/\/mspontocom.com.br\/site\/wp-json\/wp\/v2\/posts\/191446"}],"collection":[{"href":"https:\/\/mspontocom.com.br\/site\/wp-json\/wp\/v2\/posts"}],"about":[{"href":"https:\/\/mspontocom.com.br\/site\/wp-json\/wp\/v2\/types\/post"}],"author":[{"embeddable":true,"href":"https:\/\/mspontocom.com.br\/site\/wp-json\/wp\/v2\/users\/2"}],"replies":[{"embeddable":true,"href":"https:\/\/mspontocom.com.br\/site\/wp-json\/wp\/v2\/comments?post=191446"}],"version-history":[{"count":1,"href":"https:\/\/mspontocom.com.br\/site\/wp-json\/wp\/v2\/posts\/191446\/revisions"}],"predecessor-version":[{"id":191448,"href":"https:\/\/mspontocom.com.br\/site\/wp-json\/wp\/v2\/posts\/191446\/revisions\/191448"}],"wp:featuredmedia":[{"embeddable":true,"href":"https:\/\/mspontocom.com.br\/site\/wp-json\/wp\/v2\/media\/191447"}],"wp:attachment":[{"href":"https:\/\/mspontocom.com.br\/site\/wp-json\/wp\/v2\/media?parent=191446"}],"wp:term":[{"taxonomy":"category","embeddable":true,"href":"https:\/\/mspontocom.com.br\/site\/wp-json\/wp\/v2\/categories?post=191446"},{"taxonomy":"post_tag","embeddable":true,"href":"https:\/\/mspontocom.com.br\/site\/wp-json\/wp\/v2\/tags?post=191446"}],"curies":[{"name":"wp","href":"https:\/\/api.w.org\/{rel}","templated":true}]}}