{"id":191462,"date":"2024-06-13T06:58:44","date_gmt":"2024-06-13T10:58:44","guid":{"rendered":"https:\/\/mspontocom.com.br\/site\/?p=191462"},"modified":"2024-06-13T06:58:44","modified_gmt":"2024-06-13T10:58:44","slug":"estou-reconfortado-com-momento-socialista-do-stf-diz-moraes","status":"publish","type":"post","link":"https:\/\/mspontocom.com.br\/site\/estou-reconfortado-com-momento-socialista-do-stf-diz-moraes\/","title":{"rendered":"Estou reconfortado com momento socialista do STF, diz Moraes"},"content":{"rendered":"<p style=\"text-align: justify;\"><img loading=\"lazy\" class=\"alignnone size-full wp-image-191478\" src=\"https:\/\/mspontocom.com.br\/site\/wp-content\/uploads\/2024\/06\/site-estou-reconfortado-com-momento-socialista-do-stf-diz-moraes-alexandre-moraes-660x372-1.jpeg\" alt=\"\" width=\"660\" height=\"372\" srcset=\"https:\/\/mspontocom.com.br\/site\/wp-content\/uploads\/2024\/06\/site-estou-reconfortado-com-momento-socialista-do-stf-diz-moraes-alexandre-moraes-660x372-1.jpeg 660w, https:\/\/mspontocom.com.br\/site\/wp-content\/uploads\/2024\/06\/site-estou-reconfortado-com-momento-socialista-do-stf-diz-moraes-alexandre-moraes-660x372-1-260x147.jpeg 260w\" sizes=\"(max-width: 660px) 100vw, 660px\" \/>O ministro <strong>Alexandre de Moraes<\/strong>, do STF disse durante o julgamento no plen\u00e1rio sobre a corre\u00e7\u00e3o do FGTS nesta 4\u00aa feira se sentir reconfortado com o <strong>momento socialista<\/strong> que se deu durante a delibera\u00e7\u00e3o dos votos.<\/p>\n<p style=\"text-align: justify;\"><em><span style=\"font-size: 14pt;\">\u201cAproveitando, ministro [Edson] Fachin, esse momento socialista do plen\u00e1rio, eu, depois de muito tempo sendo chamado de o \u00fanico comunista da Corte, hoje me sinto reconfortado aqui com esse momento socialista do Supremo Tribunal Federal\u201d<\/span><\/em>, disse.<\/p>\n<p style=\"text-align: justify;\">Moraes se referiu ao momento durante o voto do ministro indicado pelo presidente Lula \u00e0 Suprema Corte, Fl\u00e1vio Dino, em que o ministro analisava a fun\u00e7\u00e3o social do FGTS.<\/p>\n<p style=\"text-align: justify;\">Segundo Dino, o fundo tem caracter\u00edstica \u201cbifrontal\u201d.<\/p>\n<p style=\"text-align: justify;\">fonte: poder 360<\/p>\n<p style=\"text-align: justify;\">Veja mais not\u00edcias em: <a href=\"http:\/\/www.mspontocom.com.br\">www.mspontocom.com.br<\/a><\/p>\n<p style=\"text-align: justify;\">Nosso X (Twitter) @mspontocom<\/p>\n","protected":false},"excerpt":{"rendered":"<p>O ministro Alexandre de Moraes, do STF disse durante o julgamento no plen\u00e1rio sobre a corre\u00e7\u00e3o do FGTS nesta 4\u00aa feira se sentir reconfortado com o momento socialista que se deu durante a delibera\u00e7\u00e3o dos votos. \u201cAproveitando, ministro [Edson] Fachin, esse momento socialista do plen\u00e1rio, eu, depois de muito tempo sendo chamado de o \u00fanico [&hellip;]<\/p>\n","protected":false},"author":2,"featured_media":191478,"comment_status":"open","ping_status":"open","sticky":false,"template":"","format":"standard","meta":{"_monsterinsights_skip_tracking":false,"_monsterinsights_sitenote_active":false,"_monsterinsights_sitenote_note":"","_monsterinsights_sitenote_category":0},"categories":[6,30260,2528,30259,12],"tags":[41396,35247,41395,3014],"aioseo_notices":[],"_links":{"self":[{"href":"https:\/\/mspontocom.com.br\/site\/wp-json\/wp\/v2\/posts\/191462"}],"collection":[{"href":"https:\/\/mspontocom.com.br\/site\/wp-json\/wp\/v2\/posts"}],"about":[{"href":"https:\/\/mspontocom.com.br\/site\/wp-json\/wp\/v2\/types\/post"}],"author":[{"embeddable":true,"href":"https:\/\/mspontocom.com.br\/site\/wp-json\/wp\/v2\/users\/2"}],"replies":[{"embeddable":true,"href":"https:\/\/mspontocom.com.br\/site\/wp-json\/wp\/v2\/comments?post=191462"}],"version-history":[{"count":2,"href":"https:\/\/mspontocom.com.br\/site\/wp-json\/wp\/v2\/posts\/191462\/revisions"}],"predecessor-version":[{"id":191479,"href":"https:\/\/mspontocom.com.br\/site\/wp-json\/wp\/v2\/posts\/191462\/revisions\/191479"}],"wp:featuredmedia":[{"embeddable":true,"href":"https:\/\/mspontocom.com.br\/site\/wp-json\/wp\/v2\/media\/191478"}],"wp:attachment":[{"href":"https:\/\/mspontocom.com.br\/site\/wp-json\/wp\/v2\/media?parent=191462"}],"wp:term":[{"taxonomy":"category","embeddable":true,"href":"https:\/\/mspontocom.com.br\/site\/wp-json\/wp\/v2\/categories?post=191462"},{"taxonomy":"post_tag","embeddable":true,"href":"https:\/\/mspontocom.com.br\/site\/wp-json\/wp\/v2\/tags?post=191462"}],"curies":[{"name":"wp","href":"https:\/\/api.w.org\/{rel}","templated":true}]}}