{"id":191464,"date":"2024-06-13T06:52:33","date_gmt":"2024-06-13T10:52:33","guid":{"rendered":"https:\/\/mspontocom.com.br\/site\/?p=191464"},"modified":"2024-06-13T06:52:33","modified_gmt":"2024-06-13T10:52:33","slug":"brasil-derrete-e-dolar-dispara-quando-lula-abre-a-boca-diz-flavio","status":"publish","type":"post","link":"https:\/\/mspontocom.com.br\/site\/brasil-derrete-e-dolar-dispara-quando-lula-abre-a-boca-diz-flavio\/","title":{"rendered":"Brasil derrete e d\u00f3lar dispara quando Lula abre a boca, diz Fl\u00e1vio"},"content":{"rendered":"<p style=\"text-align: justify;\"><img loading=\"lazy\" class=\"alignnone size-full wp-image-191476\" src=\"https:\/\/mspontocom.com.br\/site\/wp-content\/uploads\/2024\/06\/site-brasil-derrete-e-dolar-dispara-quando-lula-abre-a-boca-diz-flavio-flavio.jpg\" alt=\"\" width=\"900\" height=\"506\" srcset=\"https:\/\/mspontocom.com.br\/site\/wp-content\/uploads\/2024\/06\/site-brasil-derrete-e-dolar-dispara-quando-lula-abre-a-boca-diz-flavio-flavio.jpg 900w, https:\/\/mspontocom.com.br\/site\/wp-content\/uploads\/2024\/06\/site-brasil-derrete-e-dolar-dispara-quando-lula-abre-a-boca-diz-flavio-flavio-260x146.jpg 260w, https:\/\/mspontocom.com.br\/site\/wp-content\/uploads\/2024\/06\/site-brasil-derrete-e-dolar-dispara-quando-lula-abre-a-boca-diz-flavio-flavio-768x432.jpg 768w\" sizes=\"(max-width: 900px) 100vw, 900px\" \/>O senador <strong>Fl\u00e1vio Bolsonaro<\/strong> (PL-RJ) afirmou nesta 4\u00aa feira que o Brasil \u201cderrete\u201d sempre que o presidente<strong> Lula \u201cabre a boca\u201d. <\/strong><\/p>\n<p style=\"text-align: justify;\">Disse ainda que ao final do governo do petista os brasileiros n\u00e3o ter\u00e3o coragem de apertar o \u201c13 [n\u00famero do partido de Lula] nem no micro-ondas\u201d.<\/p>\n<p style=\"text-align: justify;\"><em><span style=\"font-size: 14pt;\">\u201cO Lula abre a boca e o Brasil derrete, o d\u00f3lar dispara e o brasileiro passa raiva e perde poder de compra. Depois dessa temporada lulopetista, ningu\u00e9m vai ter coragem de apertar 13 nem no micro-ondas\u201d<\/span><\/em>, declarou o filho do ex-presidente Jair Bolsonaro (PL) em seu perfil no X (ex-Twitter&#8230;<\/p>\n<p style=\"text-align: justify;\">Fl\u00e1vio tamb\u00e9m compartilhou uma reportagem que afirma que o d\u00f3lar subiu em rea\u00e7\u00e3o as declara\u00e7\u00f5es de Lula.<\/p>\n<p style=\"text-align: justify;\">A moeda norte-americana registrou pico de R$ 5,43 nesta 4\u00aa feira.<\/p>\n<p style=\"text-align: justify;\">Veja mais not\u00edcias em: <a href=\"http:\/\/www.mspontocom.com.br\">www.mspontocom.com.br<\/a><\/p>\n<p style=\"text-align: justify;\">Nosso X (Twitter) @mspontocom<\/p>\n<p style=\"text-align: justify;\">.<\/p>\n","protected":false},"excerpt":{"rendered":"<p>O senador Fl\u00e1vio Bolsonaro (PL-RJ) afirmou nesta 4\u00aa feira que o Brasil \u201cderrete\u201d sempre que o presidente Lula \u201cabre a boca\u201d. Disse ainda que ao final do governo do petista os brasileiros n\u00e3o ter\u00e3o coragem de apertar o \u201c13 [n\u00famero do partido de Lula] nem no micro-ondas\u201d. \u201cO Lula abre a boca e o Brasil [&hellip;]<\/p>\n","protected":false},"author":2,"featured_media":191476,"comment_status":"open","ping_status":"open","sticky":false,"template":"","format":"standard","meta":{"_monsterinsights_skip_tracking":false,"_monsterinsights_sitenote_active":false,"_monsterinsights_sitenote_note":"","_monsterinsights_sitenote_category":0},"categories":[15,12],"tags":[41393,41394,32992,41392],"aioseo_notices":[],"_links":{"self":[{"href":"https:\/\/mspontocom.com.br\/site\/wp-json\/wp\/v2\/posts\/191464"}],"collection":[{"href":"https:\/\/mspontocom.com.br\/site\/wp-json\/wp\/v2\/posts"}],"about":[{"href":"https:\/\/mspontocom.com.br\/site\/wp-json\/wp\/v2\/types\/post"}],"author":[{"embeddable":true,"href":"https:\/\/mspontocom.com.br\/site\/wp-json\/wp\/v2\/users\/2"}],"replies":[{"embeddable":true,"href":"https:\/\/mspontocom.com.br\/site\/wp-json\/wp\/v2\/comments?post=191464"}],"version-history":[{"count":2,"href":"https:\/\/mspontocom.com.br\/site\/wp-json\/wp\/v2\/posts\/191464\/revisions"}],"predecessor-version":[{"id":191477,"href":"https:\/\/mspontocom.com.br\/site\/wp-json\/wp\/v2\/posts\/191464\/revisions\/191477"}],"wp:featuredmedia":[{"embeddable":true,"href":"https:\/\/mspontocom.com.br\/site\/wp-json\/wp\/v2\/media\/191476"}],"wp:attachment":[{"href":"https:\/\/mspontocom.com.br\/site\/wp-json\/wp\/v2\/media?parent=191464"}],"wp:term":[{"taxonomy":"category","embeddable":true,"href":"https:\/\/mspontocom.com.br\/site\/wp-json\/wp\/v2\/categories?post=191464"},{"taxonomy":"post_tag","embeddable":true,"href":"https:\/\/mspontocom.com.br\/site\/wp-json\/wp\/v2\/tags?post=191464"}],"curies":[{"name":"wp","href":"https:\/\/api.w.org\/{rel}","templated":true}]}}