{"id":191466,"date":"2024-06-13T06:33:51","date_gmt":"2024-06-13T10:33:51","guid":{"rendered":"https:\/\/mspontocom.com.br\/site\/?p=191466"},"modified":"2024-06-13T06:33:51","modified_gmt":"2024-06-13T10:33:51","slug":"lula-deve-manter-ministro-acusado-de-corrupcao-no-governo","status":"publish","type":"post","link":"https:\/\/mspontocom.com.br\/site\/lula-deve-manter-ministro-acusado-de-corrupcao-no-governo\/","title":{"rendered":"Lula deve manter ministro acusado de corrup\u00e7\u00e3o no governo"},"content":{"rendered":"<p style=\"text-align: justify;\"><img loading=\"lazy\" class=\"alignnone size-full wp-image-191472\" src=\"https:\/\/mspontocom.com.br\/site\/wp-content\/uploads\/2024\/06\/site-lula-deve-manter-ministro-acusado-de-corrupcao-no-governo-lula-e-jucelino.jpg\" alt=\"\" width=\"1200\" height=\"675\" srcset=\"https:\/\/mspontocom.com.br\/site\/wp-content\/uploads\/2024\/06\/site-lula-deve-manter-ministro-acusado-de-corrupcao-no-governo-lula-e-jucelino.jpg 1200w, https:\/\/mspontocom.com.br\/site\/wp-content\/uploads\/2024\/06\/site-lula-deve-manter-ministro-acusado-de-corrupcao-no-governo-lula-e-jucelino-260x146.jpg 260w, https:\/\/mspontocom.com.br\/site\/wp-content\/uploads\/2024\/06\/site-lula-deve-manter-ministro-acusado-de-corrupcao-no-governo-lula-e-jucelino-1024x576.jpg 1024w, https:\/\/mspontocom.com.br\/site\/wp-content\/uploads\/2024\/06\/site-lula-deve-manter-ministro-acusado-de-corrupcao-no-governo-lula-e-jucelino-768x432.jpg 768w\" sizes=\"(max-width: 1200px) 100vw, 1200px\" \/><\/p>\n<p>Apesar de s\u00e9rias den\u00fancias, Lula deve manter Juscelino Filho no governo.<\/p>\n<p style=\"text-align: justify;\">\u00c9 que o Planalto tem acompanhado com cautela a investiga\u00e7\u00e3o da PF que indiciou o ministro Juscelino Filho (Comunica\u00e7\u00f5es) sob suspeita de<strong> corrup\u00e7\u00e3o, lavagem de dinheiro e organiza\u00e7\u00e3o criminosa.<\/strong><\/p>\n<p style=\"text-align: justify;\">Mas o presidente Lula (PT) n\u00e3o dever\u00e1 tomar decis\u00f5es sem antes conversar com o Uni\u00e3o Brasil.<\/p>\n<p style=\"text-align: justify;\"><span style=\"color: #212529; font-family: georgia, palatino, serif; font-size: 12pt;\">Lula disse nesta 5\u00aa feira\u00a0 que o ministro\u00a0 merece presun\u00e7\u00e3o de inoc\u00eancia.<\/span><\/p>\n<p style=\"text-align: justify;\"><span style=\"color: #212529; font-family: georgia, palatino, serif; font-size: 12pt;\"><em><span style=\"font-size: 14pt;\">\u00a0\u201cEu acho que o fato de o cara estar indiciado n\u00e3o significa que o cara cometeu um erro. Significa que algu\u00e9m est\u00e1 acusando e a acusa\u00e7\u00e3o foi aceita\u201d<\/span><\/em>, disse Lula ao jornal Folha de S\u00e3o Paulo.<\/span><\/p>\n<p>Veja mais not\u00edcias em: <a href=\"http:\/\/www.mspontocom.com.br\">www.mspontocom.com.br<\/a><\/p>\n<p>Nosso X (Twitter) @mspontocom<\/p>\n<p><span style=\"color: #212529; font-family: georgia, palatino, serif; font-size: 12pt;\">\u00a0<\/span><\/p>\n<p><br style=\"box-sizing: border-box; margin: 0px; padding: 0px; font-family: rm_neue, sans-serif; color: #212529; font-size: 10px; scroll-behavior: initial !important;\" \/><br style=\"box-sizing: border-box; margin: 0px; padding: 0px; font-family: rm_neue, sans-serif; color: #212529; font-size: 10px; scroll-behavior: initial !important;\" \/><\/p>\n","protected":false},"excerpt":{"rendered":"<p>Apesar de s\u00e9rias den\u00fancias, Lula deve manter Juscelino Filho no governo. \u00c9 que o Planalto tem acompanhado com cautela a investiga\u00e7\u00e3o da PF que indiciou o ministro Juscelino Filho (Comunica\u00e7\u00f5es) sob suspeita de corrup\u00e7\u00e3o, lavagem de dinheiro e organiza\u00e7\u00e3o criminosa. Mas o presidente Lula (PT) n\u00e3o dever\u00e1 tomar decis\u00f5es sem antes conversar com o Uni\u00e3o [&hellip;]<\/p>\n","protected":false},"author":2,"featured_media":191472,"comment_status":"open","ping_status":"open","sticky":false,"template":"","format":"standard","meta":{"_monsterinsights_skip_tracking":false,"_monsterinsights_sitenote_active":false,"_monsterinsights_sitenote_note":"","_monsterinsights_sitenote_category":0},"categories":[6,30260,30259,12],"tags":[327,78,480,27576,259],"aioseo_notices":[],"_links":{"self":[{"href":"https:\/\/mspontocom.com.br\/site\/wp-json\/wp\/v2\/posts\/191466"}],"collection":[{"href":"https:\/\/mspontocom.com.br\/site\/wp-json\/wp\/v2\/posts"}],"about":[{"href":"https:\/\/mspontocom.com.br\/site\/wp-json\/wp\/v2\/types\/post"}],"author":[{"embeddable":true,"href":"https:\/\/mspontocom.com.br\/site\/wp-json\/wp\/v2\/users\/2"}],"replies":[{"embeddable":true,"href":"https:\/\/mspontocom.com.br\/site\/wp-json\/wp\/v2\/comments?post=191466"}],"version-history":[{"count":3,"href":"https:\/\/mspontocom.com.br\/site\/wp-json\/wp\/v2\/posts\/191466\/revisions"}],"predecessor-version":[{"id":191473,"href":"https:\/\/mspontocom.com.br\/site\/wp-json\/wp\/v2\/posts\/191466\/revisions\/191473"}],"wp:featuredmedia":[{"embeddable":true,"href":"https:\/\/mspontocom.com.br\/site\/wp-json\/wp\/v2\/media\/191472"}],"wp:attachment":[{"href":"https:\/\/mspontocom.com.br\/site\/wp-json\/wp\/v2\/media?parent=191466"}],"wp:term":[{"taxonomy":"category","embeddable":true,"href":"https:\/\/mspontocom.com.br\/site\/wp-json\/wp\/v2\/categories?post=191466"},{"taxonomy":"post_tag","embeddable":true,"href":"https:\/\/mspontocom.com.br\/site\/wp-json\/wp\/v2\/tags?post=191466"}],"curies":[{"name":"wp","href":"https:\/\/api.w.org\/{rel}","templated":true}]}}