{"id":191468,"date":"2024-06-13T06:41:27","date_gmt":"2024-06-13T10:41:27","guid":{"rendered":"https:\/\/mspontocom.com.br\/site\/?p=191468"},"modified":"2024-06-13T06:41:27","modified_gmt":"2024-06-13T10:41:27","slug":"globonews-admite-esforco-para-esconder-problemas-graves-da-gestao-lula","status":"publish","type":"post","link":"https:\/\/mspontocom.com.br\/site\/globonews-admite-esforco-para-esconder-problemas-graves-da-gestao-lula\/","title":{"rendered":"GloboNews admite esfor\u00e7o para esconder problemas graves da Gest\u00e3o Lula"},"content":{"rendered":"<p style=\"text-align: justify;\"><img loading=\"lazy\" class=\"alignnone size-full wp-image-191474\" src=\"https:\/\/mspontocom.com.br\/site\/wp-content\/uploads\/2024\/06\/site-globonews-admite-esforco-para-esconder-problemas-graves-da-gestao-lula-daniela.jpeg\" alt=\"\" width=\"738\" height=\"415\" srcset=\"https:\/\/mspontocom.com.br\/site\/wp-content\/uploads\/2024\/06\/site-globonews-admite-esforco-para-esconder-problemas-graves-da-gestao-lula-daniela.jpeg 738w, https:\/\/mspontocom.com.br\/site\/wp-content\/uploads\/2024\/06\/site-globonews-admite-esforco-para-esconder-problemas-graves-da-gestao-lula-daniela-260x146.jpeg 260w\" sizes=\"(max-width: 738px) 100vw, 738px\" \/>Na \u00faltima quarta-feira (12), ocorreu um deslize ao vivo por parte da jornalista Daniela Lima, da GloboNews, ao reconhecer que a emissora procura \u201cesconder\u201d as fraquezas e os principais problemas da atual administra\u00e7\u00e3o do presidente Lula.<\/p>\n<p style=\"text-align: justify;\">Enquanto comentava sobre a manchete \u201cO governo est\u00e1 fr\u00e1gil e com conflitos\u201d, Daniela Lima afirmou:<\/p>\n<p style=\"text-align: justify;\">\u00a0<em>\u201cOs minist\u00e9rios do Lula 3 s\u00e3o ilhas cheios de projetos pessoais. Virou uma s\u00e9rie de conflitos onde a gente n\u00e3o consegue mais\u2026 esconder.\u201d<\/em><\/p>\n<p style=\"text-align: justify;\">A declara\u00e7\u00e3o inesperada gerou repercuss\u00e3o imediata, levantando debates sobre a imparcialidade da cobertura jornal\u00edstica da GloboNews em rela\u00e7\u00e3o ao governo atual.<\/p>\n<p>Veja mais not\u00edcias em: <a href=\"http:\/\/www.mspontocom.com.br\">www.mspontocom.com.br<\/a><\/p>\n<p>Nosso X (Twitter) @mspontocom<\/p>\n<p>&nbsp;<\/p>\n","protected":false},"excerpt":{"rendered":"<p>Na \u00faltima quarta-feira (12), ocorreu um deslize ao vivo por parte da jornalista Daniela Lima, da GloboNews, ao reconhecer que a emissora procura \u201cesconder\u201d as fraquezas e os principais problemas da atual administra\u00e7\u00e3o do presidente Lula. Enquanto comentava sobre a manchete \u201cO governo est\u00e1 fr\u00e1gil e com conflitos\u201d, Daniela Lima afirmou: \u00a0\u201cOs minist\u00e9rios do Lula [&hellip;]<\/p>\n","protected":false},"author":2,"featured_media":191474,"comment_status":"open","ping_status":"open","sticky":false,"template":"","format":"standard","meta":{"_monsterinsights_skip_tracking":false,"_monsterinsights_sitenote_active":false,"_monsterinsights_sitenote_note":"","_monsterinsights_sitenote_category":0},"categories":[6,30260,30259,12],"tags":[41390,41389,41391,17621],"aioseo_notices":[],"_links":{"self":[{"href":"https:\/\/mspontocom.com.br\/site\/wp-json\/wp\/v2\/posts\/191468"}],"collection":[{"href":"https:\/\/mspontocom.com.br\/site\/wp-json\/wp\/v2\/posts"}],"about":[{"href":"https:\/\/mspontocom.com.br\/site\/wp-json\/wp\/v2\/types\/post"}],"author":[{"embeddable":true,"href":"https:\/\/mspontocom.com.br\/site\/wp-json\/wp\/v2\/users\/2"}],"replies":[{"embeddable":true,"href":"https:\/\/mspontocom.com.br\/site\/wp-json\/wp\/v2\/comments?post=191468"}],"version-history":[{"count":2,"href":"https:\/\/mspontocom.com.br\/site\/wp-json\/wp\/v2\/posts\/191468\/revisions"}],"predecessor-version":[{"id":191475,"href":"https:\/\/mspontocom.com.br\/site\/wp-json\/wp\/v2\/posts\/191468\/revisions\/191475"}],"wp:featuredmedia":[{"embeddable":true,"href":"https:\/\/mspontocom.com.br\/site\/wp-json\/wp\/v2\/media\/191474"}],"wp:attachment":[{"href":"https:\/\/mspontocom.com.br\/site\/wp-json\/wp\/v2\/media?parent=191468"}],"wp:term":[{"taxonomy":"category","embeddable":true,"href":"https:\/\/mspontocom.com.br\/site\/wp-json\/wp\/v2\/categories?post=191468"},{"taxonomy":"post_tag","embeddable":true,"href":"https:\/\/mspontocom.com.br\/site\/wp-json\/wp\/v2\/tags?post=191468"}],"curies":[{"name":"wp","href":"https:\/\/api.w.org\/{rel}","templated":true}]}}