{"id":191496,"date":"2024-06-14T08:03:04","date_gmt":"2024-06-14T12:03:04","guid":{"rendered":"https:\/\/mspontocom.com.br\/site\/?p=191496"},"modified":"2024-06-14T08:03:04","modified_gmt":"2024-06-14T12:03:04","slug":"autor-de-pl-antiaborto-quer-30-anos-para-crime-de-estupro","status":"publish","type":"post","link":"https:\/\/mspontocom.com.br\/site\/autor-de-pl-antiaborto-quer-30-anos-para-crime-de-estupro\/","title":{"rendered":"Autor de PL \u201cantiaborto\u201d quer 30 anos para crime de estupro"},"content":{"rendered":"<p style=\"text-align: justify;\"><img loading=\"lazy\" class=\"alignnone size-full wp-image-191506\" src=\"https:\/\/mspontocom.com.br\/site\/wp-content\/uploads\/2024\/06\/site-autor-de-pl-antiaborto-quer-30-anos-p-de-estupro-sostenes-cavalcante-08-10-2015.jpg\" alt=\"\" width=\"620\" height=\"410\" srcset=\"https:\/\/mspontocom.com.br\/site\/wp-content\/uploads\/2024\/06\/site-autor-de-pl-antiaborto-quer-30-anos-p-de-estupro-sostenes-cavalcante-08-10-2015.jpg 620w, https:\/\/mspontocom.com.br\/site\/wp-content\/uploads\/2024\/06\/site-autor-de-pl-antiaborto-quer-30-anos-p-de-estupro-sostenes-cavalcante-08-10-2015-260x172.jpg 260w\" sizes=\"(max-width: 620px) 100vw, 620px\" \/>O deputado federal <strong>S\u00f3stenes Cavalcante<\/strong> (foto), autor do PL\u00a0 que equipara o aborto depois das 22 semanas de gravidez ao homic\u00eddio, disse\u00a0 que ir\u00e1 incluir no texto o aumento de pena para o crime de estupro para 30 anos.<\/p>\n<p style=\"text-align: justify;\">A proposta antiaborto teve seu car\u00e1ter de urg\u00eancia aprovado pela C\u00e2mara dos Deputados em uma vota\u00e7\u00e3o rel\u00e2mpago.<\/p>\n<p style=\"text-align: justify;\">Depois da repercuss\u00e3o negativa, o deputado foi \u00e0s redes sociais dizer que ir\u00e1 propor no texto um aumento em 20 anos para o crime de estupro.<\/p>\n<p style=\"text-align: justify;\">Nas redes sociais, S\u00f3stenes disse que \u201cvai continuar lutando a favor da vida e da fam\u00edlia\u201d.<\/p>\n<p style=\"text-align: justify;\">A ala conservadora da Casa Baixa realiza um esfor\u00e7o para votar projetos da chamada pauta de costumes, contr\u00e1rios a temas de ocupa\u00e7\u00f5es de terras, direitos da comunidade LGBT+ e aborto.<\/p>\n<p style=\"text-align: justify;\">Veja mais not\u00edcias em: <a href=\"http:\/\/www.mspontocom.com.br\">www.mspontocom.com.br<\/a><\/p>\n<p style=\"text-align: justify;\">Nosso X (Twitter) @mspontocom<\/p>\n","protected":false},"excerpt":{"rendered":"<p>O deputado federal S\u00f3stenes Cavalcante (foto), autor do PL\u00a0 que equipara o aborto depois das 22 semanas de gravidez ao homic\u00eddio, disse\u00a0 que ir\u00e1 incluir no texto o aumento de pena para o crime de estupro para 30 anos. A proposta antiaborto teve seu car\u00e1ter de urg\u00eancia aprovado pela C\u00e2mara dos Deputados em uma vota\u00e7\u00e3o [&hellip;]<\/p>\n","protected":false},"author":2,"featured_media":191506,"comment_status":"open","ping_status":"open","sticky":false,"template":"","format":"standard","meta":{"_monsterinsights_skip_tracking":false,"_monsterinsights_sitenote_active":false,"_monsterinsights_sitenote_note":"","_monsterinsights_sitenote_category":0},"categories":[2528,12],"tags":[27884,41402,2604,41403,35408,41401],"aioseo_notices":[],"_links":{"self":[{"href":"https:\/\/mspontocom.com.br\/site\/wp-json\/wp\/v2\/posts\/191496"}],"collection":[{"href":"https:\/\/mspontocom.com.br\/site\/wp-json\/wp\/v2\/posts"}],"about":[{"href":"https:\/\/mspontocom.com.br\/site\/wp-json\/wp\/v2\/types\/post"}],"author":[{"embeddable":true,"href":"https:\/\/mspontocom.com.br\/site\/wp-json\/wp\/v2\/users\/2"}],"replies":[{"embeddable":true,"href":"https:\/\/mspontocom.com.br\/site\/wp-json\/wp\/v2\/comments?post=191496"}],"version-history":[{"count":2,"href":"https:\/\/mspontocom.com.br\/site\/wp-json\/wp\/v2\/posts\/191496\/revisions"}],"predecessor-version":[{"id":191507,"href":"https:\/\/mspontocom.com.br\/site\/wp-json\/wp\/v2\/posts\/191496\/revisions\/191507"}],"wp:featuredmedia":[{"embeddable":true,"href":"https:\/\/mspontocom.com.br\/site\/wp-json\/wp\/v2\/media\/191506"}],"wp:attachment":[{"href":"https:\/\/mspontocom.com.br\/site\/wp-json\/wp\/v2\/media?parent=191496"}],"wp:term":[{"taxonomy":"category","embeddable":true,"href":"https:\/\/mspontocom.com.br\/site\/wp-json\/wp\/v2\/categories?post=191496"},{"taxonomy":"post_tag","embeddable":true,"href":"https:\/\/mspontocom.com.br\/site\/wp-json\/wp\/v2\/tags?post=191496"}],"curies":[{"name":"wp","href":"https:\/\/api.w.org\/{rel}","templated":true}]}}