{"id":191500,"date":"2024-06-14T07:45:44","date_gmt":"2024-06-14T11:45:44","guid":{"rendered":"https:\/\/mspontocom.com.br\/site\/?p=191500"},"modified":"2024-06-14T07:45:44","modified_gmt":"2024-06-14T11:45:44","slug":"cpi-da-milicia-do-amor-digital-do-pt-chega-a-76-assinaturas","status":"publish","type":"post","link":"https:\/\/mspontocom.com.br\/site\/cpi-da-milicia-do-amor-digital-do-pt-chega-a-76-assinaturas\/","title":{"rendered":"CPI da Mil\u00edcia do Amor Digital do PT chega a 76 assinaturas"},"content":{"rendered":"<p style=\"text-align: justify;\"><img loading=\"lazy\" class=\"alignnone size-full wp-image-191502\" src=\"https:\/\/mspontocom.com.br\/site\/wp-content\/uploads\/2024\/06\/site-cpi-da-milicia-do-amor-digital-do-pt-chega-a-76-assinaturas-milicia.webp\" alt=\"\" width=\"1163\" height=\"656\" srcset=\"https:\/\/mspontocom.com.br\/site\/wp-content\/uploads\/2024\/06\/site-cpi-da-milicia-do-amor-digital-do-pt-chega-a-76-assinaturas-milicia.webp 1163w, https:\/\/mspontocom.com.br\/site\/wp-content\/uploads\/2024\/06\/site-cpi-da-milicia-do-amor-digital-do-pt-chega-a-76-assinaturas-milicia-260x147.webp 260w, https:\/\/mspontocom.com.br\/site\/wp-content\/uploads\/2024\/06\/site-cpi-da-milicia-do-amor-digital-do-pt-chega-a-76-assinaturas-milicia-1024x578.webp 1024w, https:\/\/mspontocom.com.br\/site\/wp-content\/uploads\/2024\/06\/site-cpi-da-milicia-do-amor-digital-do-pt-chega-a-76-assinaturas-milicia-768x433.webp 768w\" sizes=\"(max-width: 1163px) 100vw, 1163px\" \/>A CPI que pretende investigar a \u201cmil\u00edcia digital do PT\u201d chegou em 76 assinaturas das 171 necess\u00e1rias, nesta quinta-feira.<\/p>\n<p style=\"text-align: justify;\">O requerimento pretende apurar den\u00fancias sobre uma estrutura digital financiada com dinheiro p\u00fablico para atacar e descredibilizar a oposi\u00e7\u00e3o e cidad\u00e3os que faz cr\u00edticas ao governo, al\u00e9m de atacar a imprensa profissional.<\/p>\n<p style=\"text-align: justify;\">O grupo seria comandado pelo ministro extraordin\u00e1rio do Rio Grande do Sul, Paulo Pimenta, que comandava a Secom h\u00e1 poucas semanas.<\/p>\n<p style=\"text-align: justify;\">Os parlamentares alegam uso indevido das estruturas de governo, em especial a Secom, para disseminar not\u00edcias falsas e manipular informa\u00e7\u00f5es por meio de grupos organizados que s\u00e3o associados ao PT.<\/p>\n<h2 id=\"664fe8b7\" class=\"wp-block-heading\" style=\"text-align: justify;\">Influenciadores e estrat\u00e9gia digital<\/h2>\n<p style=\"text-align: justify;\">Uma rede de p\u00e1ginas e perfis governistas tem se destacado na defesa do presidente Lula (PT).<\/p>\n<p style=\"text-align: justify;\">Esse grupo promove ataques coordenados a cr\u00edticos ao governo na tentativa de desqualificar a imprensa.<\/p>\n<h2 id=\"ddb26771\" class=\"wp-block-heading\" style=\"text-align: justify;\">Participa\u00e7\u00e3o da Polo Digital Marketing<\/h2>\n<p style=\"text-align: justify;\">Desde 2021, integrantes de uma ag\u00eancia de comunica\u00e7\u00e3o que presta servi\u00e7os ao PT participam das reuni\u00f5es matinais.<\/p>\n<p style=\"text-align: justify;\">A Polo Digital Marketing, liderada por sua s\u00f3cia Clarisse Chalr\u00e9o, conduziu o grupo de WhatsApp \u201cgabinete da ousadia\u201d durante a campanha de 2022.<\/p>\n<p style=\"text-align: justify;\">A Polo mant\u00e9m um contrato com o PT no valor de R$ 117,7 mil mensais, pagos com recursos do Fundo Partid\u00e1rio.<\/p>\n<p style=\"text-align: justify;\">Veja mais not\u00edcias em: <a href=\"http:\/\/www.mspontocom.com.br\">www.mspontocom.com.br<\/a><\/p>\n<p style=\"text-align: justify;\">Nosso X (Twitter) @mspontocom<\/p>\n","protected":false},"excerpt":{"rendered":"<p>A CPI que pretende investigar a \u201cmil\u00edcia digital do PT\u201d chegou em 76 assinaturas das 171 necess\u00e1rias, nesta quinta-feira. O requerimento pretende apurar den\u00fancias sobre uma estrutura digital financiada com dinheiro p\u00fablico para atacar e descredibilizar a oposi\u00e7\u00e3o e cidad\u00e3os que faz cr\u00edticas ao governo, al\u00e9m de atacar a imprensa profissional. O grupo seria comandado [&hellip;]<\/p>\n","protected":false},"author":2,"featured_media":191502,"comment_status":"open","ping_status":"open","sticky":false,"template":"","format":"standard","meta":{"_monsterinsights_skip_tracking":false,"_monsterinsights_sitenote_active":false,"_monsterinsights_sitenote_note":"","_monsterinsights_sitenote_category":0},"categories":[6,30260,30259,12],"tags":[7616,4381,41400,533],"aioseo_notices":[],"_links":{"self":[{"href":"https:\/\/mspontocom.com.br\/site\/wp-json\/wp\/v2\/posts\/191500"}],"collection":[{"href":"https:\/\/mspontocom.com.br\/site\/wp-json\/wp\/v2\/posts"}],"about":[{"href":"https:\/\/mspontocom.com.br\/site\/wp-json\/wp\/v2\/types\/post"}],"author":[{"embeddable":true,"href":"https:\/\/mspontocom.com.br\/site\/wp-json\/wp\/v2\/users\/2"}],"replies":[{"embeddable":true,"href":"https:\/\/mspontocom.com.br\/site\/wp-json\/wp\/v2\/comments?post=191500"}],"version-history":[{"count":2,"href":"https:\/\/mspontocom.com.br\/site\/wp-json\/wp\/v2\/posts\/191500\/revisions"}],"predecessor-version":[{"id":191503,"href":"https:\/\/mspontocom.com.br\/site\/wp-json\/wp\/v2\/posts\/191500\/revisions\/191503"}],"wp:featuredmedia":[{"embeddable":true,"href":"https:\/\/mspontocom.com.br\/site\/wp-json\/wp\/v2\/media\/191502"}],"wp:attachment":[{"href":"https:\/\/mspontocom.com.br\/site\/wp-json\/wp\/v2\/media?parent=191500"}],"wp:term":[{"taxonomy":"category","embeddable":true,"href":"https:\/\/mspontocom.com.br\/site\/wp-json\/wp\/v2\/categories?post=191500"},{"taxonomy":"post_tag","embeddable":true,"href":"https:\/\/mspontocom.com.br\/site\/wp-json\/wp\/v2\/tags?post=191500"}],"curies":[{"name":"wp","href":"https:\/\/api.w.org\/{rel}","templated":true}]}}