{"id":191533,"date":"2024-06-15T06:40:04","date_gmt":"2024-06-15T10:40:04","guid":{"rendered":"https:\/\/mspontocom.com.br\/site\/?p=191533"},"modified":"2024-06-15T06:40:04","modified_gmt":"2024-06-15T10:40:04","slug":"saudades-bolsonaro-diz-tarcisio-em-evento-em-sao-paulo","status":"publish","type":"post","link":"https:\/\/mspontocom.com.br\/site\/saudades-bolsonaro-diz-tarcisio-em-evento-em-sao-paulo\/","title":{"rendered":"\u201cSaudades Bolsonaro\u201d, diz Tarc\u00edsio em evento em S\u00e3o Paulo"},"content":{"rendered":"<p style=\"text-align: justify;\"><img loading=\"lazy\" class=\"alignnone size-full wp-image-191536\" src=\"https:\/\/mspontocom.com.br\/site\/wp-content\/uploads\/2024\/06\/site-saudades-bolsonaro-diz-tarcisio-em-evento-em-sao-paulo-tarcisio2.jpeg\" alt=\"\" width=\"1024\" height=\"575\" srcset=\"https:\/\/mspontocom.com.br\/site\/wp-content\/uploads\/2024\/06\/site-saudades-bolsonaro-diz-tarcisio-em-evento-em-sao-paulo-tarcisio2.jpeg 1024w, https:\/\/mspontocom.com.br\/site\/wp-content\/uploads\/2024\/06\/site-saudades-bolsonaro-diz-tarcisio-em-evento-em-sao-paulo-tarcisio2-260x146.jpeg 260w, https:\/\/mspontocom.com.br\/site\/wp-content\/uploads\/2024\/06\/site-saudades-bolsonaro-diz-tarcisio-em-evento-em-sao-paulo-tarcisio2-768x431.jpeg 768w\" sizes=\"(max-width: 1024px) 100vw, 1024px\" \/>O governador de S\u00e3o Paulo, Tarc\u00edsio de Freitas\u00a0 disse nesta 6\u00aa feira\u00a0 que tem saudade do governo do ex-presidente Jair Bolsonaro (PL).<\/p>\n<p style=\"text-align: justify;\"><span style=\"font-size: 14pt;\"><em>\u201cA \u00fanica coisa que posso dizer \u00e9: \u2018Que saudade, Bolsonaro\u2019 [\u2026] Presidente, o senhor \u00e9 muito bem-vindo em S\u00e3o Paulo. S\u00e3o Paulo \u00e9 o seu Estado\u201d,<\/em><\/span> afirmou o ex-ministro da Infraestrutura do governo anterior.<\/p>\n<p style=\"text-align: justify;\">A declara\u00e7\u00e3o foi dada durante a inaugura\u00e7\u00e3o do Hospital Veterin\u00e1rio de Santa B\u00e1rbara d\u2019Oeste, no interior de S\u00e3o Paulo.<\/p>\n<p style=\"text-align: justify;\">Os dois foram recebidos por apoiadores, que tiraram fotos e gritaram \u201cvolta, Bolsonaro\u201d.<\/p>\n<p style=\"text-align: justify;\"><strong>BOLSONARO EM SP<\/strong><\/p>\n<p style=\"text-align: justify;\">Al\u00e9m de Santa B\u00e1rbara d\u2019Oeste, o ex-presidente tamb\u00e9m foi a Americana, onde participou da inaugura\u00e7\u00e3o do N\u00facleo de Especialidades M\u00e9dicas e da Festa do Pe\u00e3o da cidade&#8230;.<\/p>\n<p style=\"text-align: justify;\">fonte: Poder 360<\/p>\n<p style=\"text-align: justify;\">Veja mais not\u00edcias em: <a href=\"http:\/\/www.mspontocom.com.br\">www.mspontocom.com.br<\/a><\/p>\n<p style=\"text-align: justify;\">Nosso X (Twitter) @mspontocom<\/p>\n","protected":false},"excerpt":{"rendered":"<p>O governador de S\u00e3o Paulo, Tarc\u00edsio de Freitas\u00a0 disse nesta 6\u00aa feira\u00a0 que tem saudade do governo do ex-presidente Jair Bolsonaro (PL). \u201cA \u00fanica coisa que posso dizer \u00e9: \u2018Que saudade, Bolsonaro\u2019 [\u2026] Presidente, o senhor \u00e9 muito bem-vindo em S\u00e3o Paulo. S\u00e3o Paulo \u00e9 o seu Estado\u201d, afirmou o ex-ministro da Infraestrutura do governo [&hellip;]<\/p>\n","protected":false},"author":2,"featured_media":191536,"comment_status":"open","ping_status":"open","sticky":false,"template":"","format":"standard","meta":{"_monsterinsights_skip_tracking":false,"_monsterinsights_sitenote_active":false,"_monsterinsights_sitenote_note":"","_monsterinsights_sitenote_category":0},"categories":[6,30260,30259,12],"tags":[41410,41409,39029],"aioseo_notices":[],"_links":{"self":[{"href":"https:\/\/mspontocom.com.br\/site\/wp-json\/wp\/v2\/posts\/191533"}],"collection":[{"href":"https:\/\/mspontocom.com.br\/site\/wp-json\/wp\/v2\/posts"}],"about":[{"href":"https:\/\/mspontocom.com.br\/site\/wp-json\/wp\/v2\/types\/post"}],"author":[{"embeddable":true,"href":"https:\/\/mspontocom.com.br\/site\/wp-json\/wp\/v2\/users\/2"}],"replies":[{"embeddable":true,"href":"https:\/\/mspontocom.com.br\/site\/wp-json\/wp\/v2\/comments?post=191533"}],"version-history":[{"count":2,"href":"https:\/\/mspontocom.com.br\/site\/wp-json\/wp\/v2\/posts\/191533\/revisions"}],"predecessor-version":[{"id":191537,"href":"https:\/\/mspontocom.com.br\/site\/wp-json\/wp\/v2\/posts\/191533\/revisions\/191537"}],"wp:featuredmedia":[{"embeddable":true,"href":"https:\/\/mspontocom.com.br\/site\/wp-json\/wp\/v2\/media\/191536"}],"wp:attachment":[{"href":"https:\/\/mspontocom.com.br\/site\/wp-json\/wp\/v2\/media?parent=191533"}],"wp:term":[{"taxonomy":"category","embeddable":true,"href":"https:\/\/mspontocom.com.br\/site\/wp-json\/wp\/v2\/categories?post=191533"},{"taxonomy":"post_tag","embeddable":true,"href":"https:\/\/mspontocom.com.br\/site\/wp-json\/wp\/v2\/tags?post=191533"}],"curies":[{"name":"wp","href":"https:\/\/api.w.org\/{rel}","templated":true}]}}