{"id":191538,"date":"2024-06-15T06:54:18","date_gmt":"2024-06-15T10:54:18","guid":{"rendered":"https:\/\/mspontocom.com.br\/site\/?p=191538"},"modified":"2024-06-15T06:54:18","modified_gmt":"2024-06-15T10:54:18","slug":"faz-o-l-militares-preparam-reacao-a-ofensiva-do-governo-sobre-a-previdencia-militar","status":"publish","type":"post","link":"https:\/\/mspontocom.com.br\/site\/faz-o-l-militares-preparam-reacao-a-ofensiva-do-governo-sobre-a-previdencia-militar\/","title":{"rendered":"FAZ O L: Militares preparam rea\u00e7\u00e3o \u00e0 ofensiva do governo sobre a \u2018previd\u00eancia militar\u2019"},"content":{"rendered":"<p style=\"text-align: justify;\"><img loading=\"lazy\" class=\"alignnone size-full wp-image-191539\" src=\"https:\/\/mspontocom.com.br\/site\/wp-content\/uploads\/2024\/06\/site-faz-o-l-militares-preparam-reacao-a-ofensiva-do-governo-sobre-a-previdencia-militar-melancia.jpeg\" alt=\"\" width=\"768\" height=\"401\" srcset=\"https:\/\/mspontocom.com.br\/site\/wp-content\/uploads\/2024\/06\/site-faz-o-l-militares-preparam-reacao-a-ofensiva-do-governo-sobre-a-previdencia-militar-melancia.jpeg 768w, https:\/\/mspontocom.com.br\/site\/wp-content\/uploads\/2024\/06\/site-faz-o-l-militares-preparam-reacao-a-ofensiva-do-governo-sobre-a-previdencia-militar-melancia-260x136.jpeg 260w\" sizes=\"(max-width: 768px) 100vw, 768px\" \/>A c\u00fapula das For\u00e7as Armadas n\u00e3o gostou nada de ver a ministra do Planejamento, Simone Tebet, sugerir uma revis\u00e3o do Sistema de Prote\u00e7\u00e3o Social dos Militares no \u00e2mbito do ajuste fiscal.<\/p>\n<p style=\"text-align: justify;\">A percep\u00e7\u00e3o nas fileiras militares \u00e9 que o tema est\u00e1 esquentando dia a dia, e tem apoio de ministros do Pal\u00e1cio do Planalto para seguir em debate, embora o presidente Lula tenha feito uma s\u00e9rie de acenos de pacifica\u00e7\u00e3o \u00e0s For\u00e7as Armadas.<\/p>\n<p style=\"text-align: justify;\"><strong>Insatisfeitas, as tropas preparam uma rea\u00e7\u00e3o pol\u00edtica. <\/strong><\/p>\n<p style=\"text-align: justify;\">V\u00e3o acionar interlocutores junto ao governo e ao Congresso para apresentar seus argumentos.<\/p>\n<p style=\"text-align: justify;\">Interlocutores de duas das tr\u00eas For\u00e7as Armadas defenderam \u00e0\u00a0<strong>Coluna do Estad\u00e3o\u00a0<\/strong>que a caserna deu sua \u201ccota de contribui\u00e7\u00e3o\u201d ao ajuste fiscal em 2001, quando foi extinta a pens\u00e3o para filhas solteiras ap\u00f3s a morte do militar.<\/p>\n<p style=\"text-align: justify;\">fonte: Coluna do Estad\u00e3o<\/p>\n<p style=\"text-align: justify;\">Veja mais not\u00edcias em: <a href=\"http:\/\/www.mspontocom.com.br\">www.mspontocom.com.br<\/a><\/p>\n<p style=\"text-align: justify;\">Nosso X (Twitter) @mspontocom<\/p>\n","protected":false},"excerpt":{"rendered":"<p>A c\u00fapula das For\u00e7as Armadas n\u00e3o gostou nada de ver a ministra do Planejamento, Simone Tebet, sugerir uma revis\u00e3o do Sistema de Prote\u00e7\u00e3o Social dos Militares no \u00e2mbito do ajuste fiscal. A percep\u00e7\u00e3o nas fileiras militares \u00e9 que o tema est\u00e1 esquentando dia a dia, e tem apoio de ministros do Pal\u00e1cio do Planalto para [&hellip;]<\/p>\n","protected":false},"author":2,"featured_media":191539,"comment_status":"open","ping_status":"open","sticky":false,"template":"","format":"standard","meta":{"_monsterinsights_skip_tracking":false,"_monsterinsights_sitenote_active":false,"_monsterinsights_sitenote_note":"","_monsterinsights_sitenote_category":0},"categories":[6,30260,30259,12],"tags":[38862,78,25419,41411,41412],"aioseo_notices":[],"_links":{"self":[{"href":"https:\/\/mspontocom.com.br\/site\/wp-json\/wp\/v2\/posts\/191538"}],"collection":[{"href":"https:\/\/mspontocom.com.br\/site\/wp-json\/wp\/v2\/posts"}],"about":[{"href":"https:\/\/mspontocom.com.br\/site\/wp-json\/wp\/v2\/types\/post"}],"author":[{"embeddable":true,"href":"https:\/\/mspontocom.com.br\/site\/wp-json\/wp\/v2\/users\/2"}],"replies":[{"embeddable":true,"href":"https:\/\/mspontocom.com.br\/site\/wp-json\/wp\/v2\/comments?post=191538"}],"version-history":[{"count":1,"href":"https:\/\/mspontocom.com.br\/site\/wp-json\/wp\/v2\/posts\/191538\/revisions"}],"predecessor-version":[{"id":191540,"href":"https:\/\/mspontocom.com.br\/site\/wp-json\/wp\/v2\/posts\/191538\/revisions\/191540"}],"wp:featuredmedia":[{"embeddable":true,"href":"https:\/\/mspontocom.com.br\/site\/wp-json\/wp\/v2\/media\/191539"}],"wp:attachment":[{"href":"https:\/\/mspontocom.com.br\/site\/wp-json\/wp\/v2\/media?parent=191538"}],"wp:term":[{"taxonomy":"category","embeddable":true,"href":"https:\/\/mspontocom.com.br\/site\/wp-json\/wp\/v2\/categories?post=191538"},{"taxonomy":"post_tag","embeddable":true,"href":"https:\/\/mspontocom.com.br\/site\/wp-json\/wp\/v2\/tags?post=191538"}],"curies":[{"name":"wp","href":"https:\/\/api.w.org\/{rel}","templated":true}]}}