{"id":191557,"date":"2024-06-17T06:18:43","date_gmt":"2024-06-17T10:18:43","guid":{"rendered":"https:\/\/mspontocom.com.br\/site\/?p=191557"},"modified":"2024-06-17T06:18:43","modified_gmt":"2024-06-17T10:18:43","slug":"desaprovacao-a-lula-dispara-pior-indice-da-serie-historica","status":"publish","type":"post","link":"https:\/\/mspontocom.com.br\/site\/desaprovacao-a-lula-dispara-pior-indice-da-serie-historica\/","title":{"rendered":"Desaprova\u00e7\u00e3o a Lula dispara: Pior \u00edndice da s\u00e9rie hist\u00f3rica"},"content":{"rendered":"<p class=\"styles__ParagraphStyled-sc-6adecn-0 lcTbYw \" style=\"text-align: justify;\"><img loading=\"lazy\" class=\"alignnone size-full wp-image-191570\" src=\"https:\/\/mspontocom.com.br\/site\/wp-content\/uploads\/2024\/06\/site-desaprovacao-a-lula-e-pior-indice-da-serie-historica-lula-01.jpg\" alt=\"\" width=\"984\" height=\"586\" srcset=\"https:\/\/mspontocom.com.br\/site\/wp-content\/uploads\/2024\/06\/site-desaprovacao-a-lula-e-pior-indice-da-serie-historica-lula-01.jpg 984w, https:\/\/mspontocom.com.br\/site\/wp-content\/uploads\/2024\/06\/site-desaprovacao-a-lula-e-pior-indice-da-serie-historica-lula-01-260x155.jpg 260w, https:\/\/mspontocom.com.br\/site\/wp-content\/uploads\/2024\/06\/site-desaprovacao-a-lula-e-pior-indice-da-serie-historica-lula-01-768x457.jpg 768w\" sizes=\"(max-width: 984px) 100vw, 984px\" \/>A desaprova\u00e7\u00e3o ao governo do presidente <strong>Lula<\/strong> registrou o \u00edndice de 47% em pesquisa CNN\/Atlas.<\/p>\n<p class=\"styles__ParagraphStyled-sc-6adecn-0 lcTbYw \" style=\"text-align: justify;\"><strong>A marca iguala o pior resultado desde o in\u00edcio da gest\u00e3o do petista, registrado em novembro de 2023.\u00a0<\/strong><\/p>\n<div class=\"styles__EmbedContainerLazy-sc-8tx6a-0 eESKOY\" style=\"text-align: justify;\">\n<p class=\"styles__ParagraphStyled-sc-6adecn-0 lcTbYw \">O \u00edndice de entrevistados que avaliam o governo Lula como \u201c\u00f3timo ou bom\u201d \u00e9 de 42,6%.<\/p>\n<p class=\"styles__ParagraphStyled-sc-6adecn-0 lcTbYw \">A marca est\u00e1 em empate t\u00e9cnico com o n\u00famero de pesquisados que avaliam a gest\u00e3o do presidente como \u201cruim ou p\u00e9ssima\u201d: 42,8%.<\/p>\n<p class=\"styles__ParagraphStyled-sc-6adecn-0 lcTbYw \">S\u00e3o 14,3% os que avaliam o desempenho de Lula como \u201cregular\u201d e 0,3% n\u00e3o soube responder.<\/p>\n<\/div>\n<p class=\"styles__ParagraphStyled-sc-6adecn-0 lcTbYw \" style=\"text-align: justify;\">O instituto Atlas Intel ouviu 3.601 pessoas entre os dias 7 e 11 de junho.<\/p>\n<p class=\"styles__ParagraphStyled-sc-6adecn-0 lcTbYw \" style=\"text-align: justify;\">A margem de erro \u00e9 de um ponto porcentual e o \u00edndice de confian\u00e7a \u00e9 de 95%.<\/p>\n<p style=\"text-align: justify;\">Veja mais not\u00edcias em: <a href=\"http:\/\/www.mspontocom.com.br\">www.mspontocom.com.br<\/a><\/p>\n<p style=\"text-align: justify;\">Nosso X (Twitter) @mspontocom<\/p>\n","protected":false},"excerpt":{"rendered":"<p>A desaprova\u00e7\u00e3o ao governo do presidente Lula registrou o \u00edndice de 47% em pesquisa CNN\/Atlas. A marca iguala o pior resultado desde o in\u00edcio da gest\u00e3o do petista, registrado em novembro de 2023.\u00a0 O \u00edndice de entrevistados que avaliam o governo Lula como \u201c\u00f3timo ou bom\u201d \u00e9 de 42,6%. A marca est\u00e1 em empate t\u00e9cnico [&hellip;]<\/p>\n","protected":false},"author":2,"featured_media":191570,"comment_status":"open","ping_status":"open","sticky":false,"template":"","format":"standard","meta":{"_monsterinsights_skip_tracking":false,"_monsterinsights_sitenote_active":false,"_monsterinsights_sitenote_note":"","_monsterinsights_sitenote_category":0},"categories":[6,30260,30259,12],"tags":[25463,25364,480,41417,37323],"aioseo_notices":[],"_links":{"self":[{"href":"https:\/\/mspontocom.com.br\/site\/wp-json\/wp\/v2\/posts\/191557"}],"collection":[{"href":"https:\/\/mspontocom.com.br\/site\/wp-json\/wp\/v2\/posts"}],"about":[{"href":"https:\/\/mspontocom.com.br\/site\/wp-json\/wp\/v2\/types\/post"}],"author":[{"embeddable":true,"href":"https:\/\/mspontocom.com.br\/site\/wp-json\/wp\/v2\/users\/2"}],"replies":[{"embeddable":true,"href":"https:\/\/mspontocom.com.br\/site\/wp-json\/wp\/v2\/comments?post=191557"}],"version-history":[{"count":2,"href":"https:\/\/mspontocom.com.br\/site\/wp-json\/wp\/v2\/posts\/191557\/revisions"}],"predecessor-version":[{"id":191571,"href":"https:\/\/mspontocom.com.br\/site\/wp-json\/wp\/v2\/posts\/191557\/revisions\/191571"}],"wp:featuredmedia":[{"embeddable":true,"href":"https:\/\/mspontocom.com.br\/site\/wp-json\/wp\/v2\/media\/191570"}],"wp:attachment":[{"href":"https:\/\/mspontocom.com.br\/site\/wp-json\/wp\/v2\/media?parent=191557"}],"wp:term":[{"taxonomy":"category","embeddable":true,"href":"https:\/\/mspontocom.com.br\/site\/wp-json\/wp\/v2\/categories?post=191557"},{"taxonomy":"post_tag","embeddable":true,"href":"https:\/\/mspontocom.com.br\/site\/wp-json\/wp\/v2\/tags?post=191557"}],"curies":[{"name":"wp","href":"https:\/\/api.w.org\/{rel}","templated":true}]}}