{"id":191598,"date":"2024-06-18T05:57:04","date_gmt":"2024-06-18T09:57:04","guid":{"rendered":"https:\/\/mspontocom.com.br\/site\/?p=191598"},"modified":"2024-06-18T05:57:04","modified_gmt":"2024-06-18T09:57:04","slug":"693-dos-evangelicos-reprovam-o-governo-lula-diz-pesquisa","status":"publish","type":"post","link":"https:\/\/mspontocom.com.br\/site\/693-dos-evangelicos-reprovam-o-governo-lula-diz-pesquisa\/","title":{"rendered":"69,3% dos evang\u00e9licos reprovam o governo Lula, diz pesquisa"},"content":{"rendered":"<p style=\"text-align: justify;\"><img loading=\"lazy\" class=\"alignnone size-full wp-image-191605\" src=\"https:\/\/mspontocom.com.br\/site\/wp-content\/uploads\/2024\/06\/site-693-dos-evangelicos-reprovam-o-governo-lula-diz-pesquisa-lula-rezando.jpg\" alt=\"\" width=\"960\" height=\"540\" srcset=\"https:\/\/mspontocom.com.br\/site\/wp-content\/uploads\/2024\/06\/site-693-dos-evangelicos-reprovam-o-governo-lula-diz-pesquisa-lula-rezando.jpg 960w, https:\/\/mspontocom.com.br\/site\/wp-content\/uploads\/2024\/06\/site-693-dos-evangelicos-reprovam-o-governo-lula-diz-pesquisa-lula-rezando-260x146.jpg 260w, https:\/\/mspontocom.com.br\/site\/wp-content\/uploads\/2024\/06\/site-693-dos-evangelicos-reprovam-o-governo-lula-diz-pesquisa-lula-rezando-768x432.jpg 768w\" sizes=\"(max-width: 960px) 100vw, 960px\" \/>A\u00a0recente pesquisa do Instituto AtlasIntel revela que os evang\u00e9licos continuam no topo da lista de desaprova\u00e7\u00e3o ao governo <strong>Lula\u00a0<\/strong>quando comparados a seguidores de outras religi\u00f5es.<\/p>\n<p style=\"text-align: justify;\">Dentre os <strong>evang\u00e9licos<\/strong>, a reprova\u00e7\u00e3o a Lula atinge 69,3%, enquanto 29,5% expressam sua aprova\u00e7\u00e3o.<\/p>\n<p style=\"text-align: justify;\">No que diz respeito aos cat\u00f3licos, 55,4% aprovam e 42,6% reprovam.<\/p>\n<p style=\"text-align: justify;\">Lula encontra a maior aprova\u00e7\u00e3o entre agn\u00f3sticos e ateus, com 66,8% a favor e 33% contra.<\/p>\n<p style=\"text-align: justify;\">Os seguidores de outras religi\u00f5es apresentam 56,3% de aprova\u00e7\u00e3o e 42,7% de reprova\u00e7\u00e3o.<\/p>\n<p style=\"text-align: justify;\">A pesquisa foi realizada com 3.601 indiv\u00edduos no per\u00edodo de 7 a 11 de junho, com uma margem de erro de um ponto percentual.<\/p>\n<p style=\"text-align: justify;\">Veja mais not\u00edcias em: <a href=\"http:\/\/www.mspontocom.com.br\">www.mspontocom.com.br<\/a><\/p>\n<p style=\"text-align: justify;\">Nosso X (Twitter) @mspontocom<\/p>\n<p>foto: Gazeta do Povo<\/p>\n","protected":false},"excerpt":{"rendered":"<p>A\u00a0recente pesquisa do Instituto AtlasIntel revela que os evang\u00e9licos continuam no topo da lista de desaprova\u00e7\u00e3o ao governo Lula\u00a0quando comparados a seguidores de outras religi\u00f5es. Dentre os evang\u00e9licos, a reprova\u00e7\u00e3o a Lula atinge 69,3%, enquanto 29,5% expressam sua aprova\u00e7\u00e3o. No que diz respeito aos cat\u00f3licos, 55,4% aprovam e 42,6% reprovam. Lula encontra a maior aprova\u00e7\u00e3o [&hellip;]<\/p>\n","protected":false},"author":2,"featured_media":191605,"comment_status":"open","ping_status":"open","sticky":false,"template":"","format":"standard","meta":{"_monsterinsights_skip_tracking":false,"_monsterinsights_sitenote_active":false,"_monsterinsights_sitenote_note":"","_monsterinsights_sitenote_category":0},"categories":[6,30260,30259,12],"tags":[7510,21711,41424],"aioseo_notices":[],"_links":{"self":[{"href":"https:\/\/mspontocom.com.br\/site\/wp-json\/wp\/v2\/posts\/191598"}],"collection":[{"href":"https:\/\/mspontocom.com.br\/site\/wp-json\/wp\/v2\/posts"}],"about":[{"href":"https:\/\/mspontocom.com.br\/site\/wp-json\/wp\/v2\/types\/post"}],"author":[{"embeddable":true,"href":"https:\/\/mspontocom.com.br\/site\/wp-json\/wp\/v2\/users\/2"}],"replies":[{"embeddable":true,"href":"https:\/\/mspontocom.com.br\/site\/wp-json\/wp\/v2\/comments?post=191598"}],"version-history":[{"count":2,"href":"https:\/\/mspontocom.com.br\/site\/wp-json\/wp\/v2\/posts\/191598\/revisions"}],"predecessor-version":[{"id":191606,"href":"https:\/\/mspontocom.com.br\/site\/wp-json\/wp\/v2\/posts\/191598\/revisions\/191606"}],"wp:featuredmedia":[{"embeddable":true,"href":"https:\/\/mspontocom.com.br\/site\/wp-json\/wp\/v2\/media\/191605"}],"wp:attachment":[{"href":"https:\/\/mspontocom.com.br\/site\/wp-json\/wp\/v2\/media?parent=191598"}],"wp:term":[{"taxonomy":"category","embeddable":true,"href":"https:\/\/mspontocom.com.br\/site\/wp-json\/wp\/v2\/categories?post=191598"},{"taxonomy":"post_tag","embeddable":true,"href":"https:\/\/mspontocom.com.br\/site\/wp-json\/wp\/v2\/tags?post=191598"}],"curies":[{"name":"wp","href":"https:\/\/api.w.org\/{rel}","templated":true}]}}