{"id":191600,"date":"2024-06-18T05:50:25","date_gmt":"2024-06-18T09:50:25","guid":{"rendered":"https:\/\/mspontocom.com.br\/site\/?p=191600"},"modified":"2024-06-18T05:50:25","modified_gmt":"2024-06-18T09:50:25","slug":"quebrado-governo-lula-promete-cortar-gastos-de-bolsonaro","status":"publish","type":"post","link":"https:\/\/mspontocom.com.br\/site\/quebrado-governo-lula-promete-cortar-gastos-de-bolsonaro\/","title":{"rendered":"Quebrado, governo Lula promete cortar gastos&#8230;de Bolsonaro"},"content":{"rendered":"<p style=\"text-align: justify;\"><img loading=\"lazy\" class=\"alignnone size-full wp-image-191603\" src=\"https:\/\/mspontocom.com.br\/site\/wp-content\/uploads\/2024\/06\/site-quebrado-governo-lula-promete-cortar-gastos-de-bolsonaro-piada-e1718704123219.jpg\" alt=\"\" width=\"635\" height=\"364\" srcset=\"https:\/\/mspontocom.com.br\/site\/wp-content\/uploads\/2024\/06\/site-quebrado-governo-lula-promete-cortar-gastos-de-bolsonaro-piada-e1718704123219.jpg 635w, https:\/\/mspontocom.com.br\/site\/wp-content\/uploads\/2024\/06\/site-quebrado-governo-lula-promete-cortar-gastos-de-bolsonaro-piada-e1718704123219-260x149.jpg 260w\" sizes=\"(max-width: 635px) 100vw, 635px\" \/>O ministro das Rela\u00e7\u00f5es Institucionais, Alexandre Padilha, disse nesta 2\u00aa feira\u00a0 que o presidente<strong> Lula<\/strong> acabou com a \u201cgastan\u00e7a\u201d deixada por seu antecessor, <strong>Jair Bolsonaro.<\/strong><\/p>\n<p style=\"text-align: justify;\">Ele evitou citar, entretanto, qualquer medida de corte de gastos no Or\u00e7amento deste ano, tema que est\u00e1 em discuss\u00e3o no governo.<\/p>\n<p style=\"text-align: justify;\">\u201cDesde o ano passado, o governo do presidente Lula vem acabando com a gastan\u00e7a e qualquer tipo de irresponsabilidade feita pelos governos anteriores.<\/p>\n<p style=\"text-align: justify;\">A fala de Padilha foi feita depois de reuni\u00e3o com o presidente Lula.<\/p>\n<p style=\"text-align: justify;\">A reuni\u00e3o\u00a0 se d\u00e1 durante cen\u00e1rio de incerteza fiscal, que provocou temor entre os agentes do mercado financeiro.<\/p>\n<p style=\"text-align: justify;\"><strong>Na semana passada, o d\u00f3lar e os juros futuros subiram. <\/strong><\/p>\n<p style=\"text-align: justify;\">O Ibovespa, principal \u00edndice da Bolsa de Valores de S\u00e3o Paulo, perdeu o patamar de 120 mil pontos.<\/p>\n<p>Veja mais not\u00edcias em: <a href=\"http:\/\/www.mspontocom.com.br\">www.mspontocom.com.br<\/a><\/p>\n<p>Nosso X (Twitter) @mspontocom<\/p>\n","protected":false},"excerpt":{"rendered":"<p>O ministro das Rela\u00e7\u00f5es Institucionais, Alexandre Padilha, disse nesta 2\u00aa feira\u00a0 que o presidente Lula acabou com a \u201cgastan\u00e7a\u201d deixada por seu antecessor, Jair Bolsonaro. Ele evitou citar, entretanto, qualquer medida de corte de gastos no Or\u00e7amento deste ano, tema que est\u00e1 em discuss\u00e3o no governo. \u201cDesde o ano passado, o governo do presidente Lula [&hellip;]<\/p>\n","protected":false},"author":2,"featured_media":191603,"comment_status":"open","ping_status":"open","sticky":false,"template":"","format":"standard","meta":{"_monsterinsights_skip_tracking":false,"_monsterinsights_sitenote_active":false,"_monsterinsights_sitenote_note":"","_monsterinsights_sitenote_category":0},"categories":[6,30260,15,30259,12],"tags":[21017,41423,21711,24126],"aioseo_notices":[],"_links":{"self":[{"href":"https:\/\/mspontocom.com.br\/site\/wp-json\/wp\/v2\/posts\/191600"}],"collection":[{"href":"https:\/\/mspontocom.com.br\/site\/wp-json\/wp\/v2\/posts"}],"about":[{"href":"https:\/\/mspontocom.com.br\/site\/wp-json\/wp\/v2\/types\/post"}],"author":[{"embeddable":true,"href":"https:\/\/mspontocom.com.br\/site\/wp-json\/wp\/v2\/users\/2"}],"replies":[{"embeddable":true,"href":"https:\/\/mspontocom.com.br\/site\/wp-json\/wp\/v2\/comments?post=191600"}],"version-history":[{"count":3,"href":"https:\/\/mspontocom.com.br\/site\/wp-json\/wp\/v2\/posts\/191600\/revisions"}],"predecessor-version":[{"id":191604,"href":"https:\/\/mspontocom.com.br\/site\/wp-json\/wp\/v2\/posts\/191600\/revisions\/191604"}],"wp:featuredmedia":[{"embeddable":true,"href":"https:\/\/mspontocom.com.br\/site\/wp-json\/wp\/v2\/media\/191603"}],"wp:attachment":[{"href":"https:\/\/mspontocom.com.br\/site\/wp-json\/wp\/v2\/media?parent=191600"}],"wp:term":[{"taxonomy":"category","embeddable":true,"href":"https:\/\/mspontocom.com.br\/site\/wp-json\/wp\/v2\/categories?post=191600"},{"taxonomy":"post_tag","embeddable":true,"href":"https:\/\/mspontocom.com.br\/site\/wp-json\/wp\/v2\/tags?post=191600"}],"curies":[{"name":"wp","href":"https:\/\/api.w.org\/{rel}","templated":true}]}}