{"id":191631,"date":"2024-06-19T05:35:10","date_gmt":"2024-06-19T09:35:10","guid":{"rendered":"https:\/\/mspontocom.com.br\/site\/?p=191631"},"modified":"2024-06-19T05:35:10","modified_gmt":"2024-06-19T09:35:10","slug":"ex-diretor-da-globo-confirma-que-a-emissora-apoia-a-esquerda","status":"publish","type":"post","link":"https:\/\/mspontocom.com.br\/site\/ex-diretor-da-globo-confirma-que-a-emissora-apoia-a-esquerda\/","title":{"rendered":"Ex-diretor da Globo confirma que a emissora apoia a esquerda"},"content":{"rendered":"<p style=\"text-align: justify;\"><img loading=\"lazy\" class=\"alignnone size-full wp-image-191638\" src=\"https:\/\/mspontocom.com.br\/site\/wp-content\/uploads\/2024\/06\/site-ex-diretor-da-globo-confirma-que-a-emissora-apoia-a-esquerda-globo.jpeg\" alt=\"\" width=\"730\" height=\"410\" srcset=\"https:\/\/mspontocom.com.br\/site\/wp-content\/uploads\/2024\/06\/site-ex-diretor-da-globo-confirma-que-a-emissora-apoia-a-esquerda-globo.jpeg 730w, https:\/\/mspontocom.com.br\/site\/wp-content\/uploads\/2024\/06\/site-ex-diretor-da-globo-confirma-que-a-emissora-apoia-a-esquerda-globo-260x146.jpeg 260w\" sizes=\"(max-width: 730px) 100vw, 730px\" \/>Pedro Vasconcelos, ex-diretor da<strong> Rede Globo<\/strong>, em entrevista para o canal da <strong>revista Veja no YouTube<\/strong>, discutiu diversos temas ligados \u00e0 televis\u00e3o, incluindo a orienta\u00e7\u00e3o pol\u00edtica da emissora.<\/p>\n<p style=\"text-align: justify;\">Segundo a perspectiva do profissional, que prestou servi\u00e7os na Globo por um per\u00edodo superior a tr\u00eas d\u00e9cadas, <strong>a emissora possui atualmente uma inclina\u00e7\u00e3o para a esquerda.<\/strong><\/p>\n<p style=\"text-align: justify;\">O colunista da Veja Gente, Valmir Moratelli, questionou o ex-diretor sobre o posicionamento pol\u00edtico da Rede Globo.<\/p>\n<p style=\"text-align: justify;\"><strong>A resposta foi que a emissora de TV est\u00e1 mais alinhada ao governo do presidente Lula.<\/strong><\/p>\n<p style=\"text-align: justify;\"><em>\u201cNa minha opini\u00e3o ela est\u00e1 trabalhando mais a favor do governo que est\u00e1 a\u00ed. \u00c9 \u00f3bvio que ela criou uma briga desnecess\u00e1ria e contraproducente ao governo antecedente, \u00e9 \u00f3bvio que eles est\u00e3o apoiando o governo atual\u201d,<\/em>\u00a0disse Vasconcelos.<\/p>\n<p style=\"text-align: justify;\"><em>\u201cSempre houve uma tend\u00eancia, sempre houve um apoio a um determinado lado, por\u00e9m \u00e9 uma empresa de comunica\u00e7\u00e3o que precisa saber se comunicar como todo mundo. N\u00e3o adianta ter um lado e excluir 50 milh\u00f5es de pessoas da programa\u00e7\u00e3o\u201d,<\/em>\u00a0finalizou.<\/p>\n<p style=\"text-align: justify;\">Veja mais not\u00edcias em: <a href=\"http:\/\/www.mspontocom.com.br\">www.mspontocom.com.br<\/a><\/p>\n<p style=\"text-align: justify;\">Nosso X (Twitter) @mspontocom<\/p>\n<p>fonte: Folha Destra, Revista veja<\/p>\n","protected":false},"excerpt":{"rendered":"<p>Pedro Vasconcelos, ex-diretor da Rede Globo, em entrevista para o canal da revista Veja no YouTube, discutiu diversos temas ligados \u00e0 televis\u00e3o, incluindo a orienta\u00e7\u00e3o pol\u00edtica da emissora. Segundo a perspectiva do profissional, que prestou servi\u00e7os na Globo por um per\u00edodo superior a tr\u00eas d\u00e9cadas, a emissora possui atualmente uma inclina\u00e7\u00e3o para a esquerda. O [&hellip;]<\/p>\n","protected":false},"author":2,"featured_media":191638,"comment_status":"open","ping_status":"open","sticky":false,"template":"","format":"standard","meta":{"_monsterinsights_skip_tracking":false,"_monsterinsights_sitenote_active":false,"_monsterinsights_sitenote_note":"","_monsterinsights_sitenote_category":0},"categories":[6,30260,30259,12],"tags":[25221,944,21869,32518,501],"aioseo_notices":[],"_links":{"self":[{"href":"https:\/\/mspontocom.com.br\/site\/wp-json\/wp\/v2\/posts\/191631"}],"collection":[{"href":"https:\/\/mspontocom.com.br\/site\/wp-json\/wp\/v2\/posts"}],"about":[{"href":"https:\/\/mspontocom.com.br\/site\/wp-json\/wp\/v2\/types\/post"}],"author":[{"embeddable":true,"href":"https:\/\/mspontocom.com.br\/site\/wp-json\/wp\/v2\/users\/2"}],"replies":[{"embeddable":true,"href":"https:\/\/mspontocom.com.br\/site\/wp-json\/wp\/v2\/comments?post=191631"}],"version-history":[{"count":2,"href":"https:\/\/mspontocom.com.br\/site\/wp-json\/wp\/v2\/posts\/191631\/revisions"}],"predecessor-version":[{"id":191639,"href":"https:\/\/mspontocom.com.br\/site\/wp-json\/wp\/v2\/posts\/191631\/revisions\/191639"}],"wp:featuredmedia":[{"embeddable":true,"href":"https:\/\/mspontocom.com.br\/site\/wp-json\/wp\/v2\/media\/191638"}],"wp:attachment":[{"href":"https:\/\/mspontocom.com.br\/site\/wp-json\/wp\/v2\/media?parent=191631"}],"wp:term":[{"taxonomy":"category","embeddable":true,"href":"https:\/\/mspontocom.com.br\/site\/wp-json\/wp\/v2\/categories?post=191631"},{"taxonomy":"post_tag","embeddable":true,"href":"https:\/\/mspontocom.com.br\/site\/wp-json\/wp\/v2\/tags?post=191631"}],"curies":[{"name":"wp","href":"https:\/\/api.w.org\/{rel}","templated":true}]}}