{"id":191656,"date":"2024-06-19T07:37:54","date_gmt":"2024-06-19T11:37:54","guid":{"rendered":"https:\/\/mspontocom.com.br\/site\/?p=191656"},"modified":"2024-06-20T12:57:31","modified_gmt":"2024-06-20T16:57:31","slug":"veja-as-materias-que-foram-censuradas-do-mspontocom","status":"publish","type":"post","link":"https:\/\/mspontocom.com.br\/site\/veja-as-materias-que-foram-censuradas-do-mspontocom\/","title":{"rendered":"Veja as mat\u00e9rias que foram censuradas do mspontocom"},"content":{"rendered":"<p><img loading=\"lazy\" class=\"alignnone size-full wp-image-191665\" src=\"https:\/\/mspontocom.com.br\/site\/wp-content\/uploads\/2024\/06\/site-veja-as-materias-censuradas-do-mspontocom-censura1-e1718902572966.jpg\" alt=\"\" width=\"1001\" height=\"718\" srcset=\"https:\/\/mspontocom.com.br\/site\/wp-content\/uploads\/2024\/06\/site-veja-as-materias-censuradas-do-mspontocom-censura1-e1718902572966.jpg 1001w, https:\/\/mspontocom.com.br\/site\/wp-content\/uploads\/2024\/06\/site-veja-as-materias-censuradas-do-mspontocom-censura1-e1718902572966-260x186.jpg 260w, https:\/\/mspontocom.com.br\/site\/wp-content\/uploads\/2024\/06\/site-veja-as-materias-censuradas-do-mspontocom-censura1-e1718902572966-768x551.jpg 768w\" sizes=\"(max-width: 1001px) 100vw, 1001px\" \/>Com surpresa zero, o <strong>Facebook<\/strong> recusou a publica\u00e7\u00e3o de duas mat\u00e9rias do mspontocom.<\/p>\n<p>Com uma estranha mensagem que as mat\u00e9rias est\u00e3o sob an\u00e1lise.<\/p>\n<p><strong>Coincidentemente as not\u00edcias n\u00e3o s\u00e3o boas para o governo Lula.<\/strong><\/p>\n<p>Veja aqui:<\/p>\n<h1 class=\"page-title\"><b>STF que descondenou Lula admite que empresas corromperam Lula<\/b><\/h1>\n<blockquote class=\"wp-embedded-content\" data-secret=\"G9DoF4B1iY\"><p><a href=\"https:\/\/mspontocom.com.br\/site\/stf-que-descondenou-lula-admite-que-empresas-corromperam-lula\/\">STF que descondenou Lula admite que empresas corromperam Lula<\/a><\/p><\/blockquote>\n<p><iframe class=\"wp-embedded-content\" sandbox=\"allow-scripts\" security=\"restricted\" style=\"position: absolute; clip: rect(1px, 1px, 1px, 1px);\" title=\"&#8220;STF que descondenou Lula admite que empresas corromperam Lula&#8221; &#8212; MSpontocom\" src=\"https:\/\/mspontocom.com.br\/site\/stf-que-descondenou-lula-admite-que-empresas-corromperam-lula\/embed\/#?secret=so9UH8jrhF#?secret=G9DoF4B1iY\" data-secret=\"G9DoF4B1iY\" width=\"500\" height=\"282\" frameborder=\"0\" marginwidth=\"0\" marginheight=\"0\" scrolling=\"no\"><\/iframe><\/p>\n<h1 class=\"page-title\"><b>Ex-diretor da Globo confirma que a emissora apoia a esquerda<\/b><\/h1>\n<blockquote class=\"wp-embedded-content\" data-secret=\"3IpdudP9ah\"><p><a href=\"https:\/\/mspontocom.com.br\/site\/ex-diretor-da-globo-confirma-que-a-emissora-apoia-a-esquerda\/\">Ex-diretor da Globo confirma que a emissora apoia a esquerda<\/a><\/p><\/blockquote>\n<p><iframe class=\"wp-embedded-content\" sandbox=\"allow-scripts\" security=\"restricted\" style=\"position: absolute; clip: rect(1px, 1px, 1px, 1px);\" title=\"&#8220;Ex-diretor da Globo confirma que a emissora apoia a esquerda&#8221; &#8212; MSpontocom\" src=\"https:\/\/mspontocom.com.br\/site\/ex-diretor-da-globo-confirma-que-a-emissora-apoia-a-esquerda\/embed\/#?secret=mp05vwS8vf#?secret=3IpdudP9ah\" data-secret=\"3IpdudP9ah\" width=\"500\" height=\"282\" frameborder=\"0\" marginwidth=\"0\" marginheight=\"0\" scrolling=\"no\"><\/iframe><\/p>\n<p>Pedro Vasconcelos, ex-diretor da<strong>\u00a0Rede Globo<\/strong>, em entrevista para o canal da\u00a0<strong>revista Veja no YouTube<\/strong>, discutiu diversos temas ligados \u00e0 televis\u00e3o, incluindo a orienta\u00e7\u00e3o pol\u00edtica da emissora.<\/p>\n<p>Segundo a perspectiva do profissional, que prestou servi\u00e7os na Globo por um per\u00edodo superior a tr\u00eas d\u00e9cadas,\u00a0<strong>a emissora possui atualmente uma inclina\u00e7\u00e3o para a esquerda.<\/strong><\/p>\n<p>O colunista da Veja Gente, Valmir Moratelli, questionou o ex-diretor sobre o posicionamento pol\u00edtico da Rede Globo.<\/p>\n<p><strong>A resposta foi que a emissora de TV est\u00e1 mais alinhada ao governo do presidente Lula.<\/strong><\/p>\n<p><em>\u201cNa minha opini\u00e3o ela est\u00e1 trabalhando mais a favor do governo que est\u00e1 a\u00ed. \u00c9 \u00f3bvio que ela criou uma briga desnecess\u00e1ria e contraproducente ao governo antecedente, \u00e9 \u00f3bvio que eles est\u00e3o apoiando o governo atual\u201d,<\/em>\u00a0disse Vasconcelos.<\/p>\n<p><em>\u201cSempre houve uma tend\u00eancia, sempre houve um apoio a um determinado lado, por\u00e9m \u00e9 uma empresa de comunica\u00e7\u00e3o que precisa saber se comunicar como todo mundo. N\u00e3o adianta ter um lado e excluir 50 milh\u00f5es de pessoas da programa\u00e7\u00e3o\u201d,<\/em>\u00a0finalizou.<\/p>\n","protected":false},"excerpt":{"rendered":"<p>Com surpresa zero, o Facebook recusou a publica\u00e7\u00e3o de duas mat\u00e9rias do mspontocom. Com uma estranha mensagem que as mat\u00e9rias est\u00e3o sob an\u00e1lise. Coincidentemente as not\u00edcias n\u00e3o s\u00e3o boas para o governo Lula. Veja aqui: STF que descondenou Lula admite que empresas corromperam Lula STF que descondenou Lula admite que empresas corromperam Lula Ex-diretor da [&hellip;]<\/p>\n","protected":false},"author":2,"featured_media":191665,"comment_status":"open","ping_status":"open","sticky":false,"template":"","format":"standard","meta":{"_monsterinsights_skip_tracking":false,"_monsterinsights_sitenote_active":false,"_monsterinsights_sitenote_note":"","_monsterinsights_sitenote_category":0},"categories":[6,30260,30259,12],"tags":[41434,26218,6587],"aioseo_notices":[],"_links":{"self":[{"href":"https:\/\/mspontocom.com.br\/site\/wp-json\/wp\/v2\/posts\/191656"}],"collection":[{"href":"https:\/\/mspontocom.com.br\/site\/wp-json\/wp\/v2\/posts"}],"about":[{"href":"https:\/\/mspontocom.com.br\/site\/wp-json\/wp\/v2\/types\/post"}],"author":[{"embeddable":true,"href":"https:\/\/mspontocom.com.br\/site\/wp-json\/wp\/v2\/users\/2"}],"replies":[{"embeddable":true,"href":"https:\/\/mspontocom.com.br\/site\/wp-json\/wp\/v2\/comments?post=191656"}],"version-history":[{"count":3,"href":"https:\/\/mspontocom.com.br\/site\/wp-json\/wp\/v2\/posts\/191656\/revisions"}],"predecessor-version":[{"id":191667,"href":"https:\/\/mspontocom.com.br\/site\/wp-json\/wp\/v2\/posts\/191656\/revisions\/191667"}],"wp:featuredmedia":[{"embeddable":true,"href":"https:\/\/mspontocom.com.br\/site\/wp-json\/wp\/v2\/media\/191665"}],"wp:attachment":[{"href":"https:\/\/mspontocom.com.br\/site\/wp-json\/wp\/v2\/media?parent=191656"}],"wp:term":[{"taxonomy":"category","embeddable":true,"href":"https:\/\/mspontocom.com.br\/site\/wp-json\/wp\/v2\/categories?post=191656"},{"taxonomy":"post_tag","embeddable":true,"href":"https:\/\/mspontocom.com.br\/site\/wp-json\/wp\/v2\/tags?post=191656"}],"curies":[{"name":"wp","href":"https:\/\/api.w.org\/{rel}","templated":true}]}}