{"id":191783,"date":"2024-06-26T06:18:03","date_gmt":"2024-06-26T10:18:03","guid":{"rendered":"https:\/\/mspontocom.com.br\/site\/?p=191783"},"modified":"2024-06-26T06:18:03","modified_gmt":"2024-06-26T10:18:03","slug":"pedido-impeachment-de-lula-por-maquiar-dados-da-previdencia","status":"publish","type":"post","link":"https:\/\/mspontocom.com.br\/site\/pedido-impeachment-de-lula-por-maquiar-dados-da-previdencia\/","title":{"rendered":"Pedido impeachment de Lula por maquiar dados da Previd\u00eancia"},"content":{"rendered":"<p style=\"text-align: justify;\"><img loading=\"lazy\" class=\"alignnone size-full wp-image-191798\" src=\"https:\/\/mspontocom.com.br\/site\/wp-content\/uploads\/2024\/06\/site-pedido-impeachment-de-lula-por-maquiar-dados-da-previdencia-lula-impeachment-horizontal-e1719396938495.png\" alt=\"\" width=\"897\" height=\"591\" srcset=\"https:\/\/mspontocom.com.br\/site\/wp-content\/uploads\/2024\/06\/site-pedido-impeachment-de-lula-por-maquiar-dados-da-previdencia-lula-impeachment-horizontal-e1719396938495.png 897w, https:\/\/mspontocom.com.br\/site\/wp-content\/uploads\/2024\/06\/site-pedido-impeachment-de-lula-por-maquiar-dados-da-previdencia-lula-impeachment-horizontal-e1719396938495-260x171.png 260w, https:\/\/mspontocom.com.br\/site\/wp-content\/uploads\/2024\/06\/site-pedido-impeachment-de-lula-por-maquiar-dados-da-previdencia-lula-impeachment-horizontal-e1719396938495-768x506.png 768w\" sizes=\"(max-width: 897px) 100vw, 897px\" \/>O deputado Ubiratan Sanderson (PL-RS) protocolou hoje um pedido de <strong>impeachment<\/strong> do presidente da Rep\u00fablica, <strong>Luiz In\u00e1cio Lula da Silva<\/strong>, fundamentado na identifica\u00e7\u00e3o de dados maquiados da Previd\u00eancia Social.<\/p>\n<p style=\"text-align: justify;\">O Parlamentar explicou ao <strong>Di\u00e1rio do Poder\u00a0<\/strong>que houve uma altera\u00e7\u00e3o que reduziu em cerca de R$ 12 bilh\u00f5es a proje\u00e7\u00e3o de despesas com benef\u00edcios previdenci\u00e1rios (aposentadorias, pens\u00f5es) em 2024, diminuindo, artificialmente, o crescimento vegetativo mensal de 0,64% para 0,17%.<\/p>\n<p style=\"text-align: justify;\">O pedido de impeachment est\u00e1 fundamentado no mesmo crime de responsabilidade fiscal que causou a cassa\u00e7\u00e3o da ex-presidente, <strong>Dilma Rousseff<\/strong>, popularmente chamado de <strong>\u2018pedalada fiscal\u2019.<\/strong><\/p>\n<p style=\"text-align: justify;\">Segundo o parlamentar, comprovado o aumento vegetativo, o governo deveria adotar medidas de austeridade, cumprindo a Lei de Responsabilidade Fiscal.<\/p>\n<p style=\"text-align: justify;\">\u00a0<em>\u201cMas Lula n\u00e3o fez isso. Ao n\u00e3o atender os termos da LRF, o atual presidente da rep\u00fablica realizou aquilo que chamamos de pedalada fiscal\u201d,<\/em>\u00a0acrescentou.<\/p>\n<p style=\"text-align: justify;\">Confira abaixo o nome dos deputados que assinam o pedido:<br \/>\n1. Sanderson<br \/>\n2. Del Paulo Bilynskyj<br \/>\n3. Pr. Marco Feliciano<br \/>\n4. Marcelo Moraes<br \/>\n5. Bia Kicis<br \/>\n6. Cabo Gilberto Silva<br \/>\n7. Messias Donato<br \/>\n8. Filipe Martins<br \/>\n9. General Gir\u00e3o<br \/>\n10. Giovani Cherini<br \/>\n11. Alfredo Gaspar<br \/>\n12. Cel Chris\u00f3stomo<br \/>\n12+1. Maur\u00edcio Marcon<br \/>\n14. M\u00e1rio Frias<br \/>\n16. Gustavo Gayer<br \/>\n17. Del Ramagem<br \/>\n18. Z\u00e9 Trov\u00e3o<br \/>\n19. Carla Zambelli<br \/>\n20. Sargento Fahur<br \/>\n21. \u2060Zucco<br \/>\n22. Kim Kataguiri<br \/>\n23. \u2060Luiz P O Bragan\u00e7a<br \/>\n24. \u2060Eros Biondini<br \/>\n25. \u2060Delegado Caveira<br \/>\n26. \u2060Marcos Pollon<br \/>\n27. Coronel Telhada<br \/>\n28. Evair de Melo<br \/>\n29. Ros\u00e2ngela Moro<br \/>\n30. Sgt Gon\u00e7alves<br \/>\n31. Eduardo Bolsonaro<br \/>\n32. Coronel Meira<br \/>\n33. Del F\u00e1bio Costa<br \/>\n34. Andr\u00e9 Fernandes<br \/>\n35. Del \u00c9der Mauro<br \/>\n36. Capit\u00e3o Alden<br \/>\n37. Cap Alberto Neto<br \/>\n38. Daniela Reinehr<br \/>\n39. Gilvan da Federal<br \/>\n40. Julia Zanatta<br \/>\n41. Junio Amaral<br \/>\n42. Jos\u00e9 Medeiros<br \/>\n43. Nikolas Ferreira<br \/>\n44. Magda Mofatto<br \/>\n45. Rodrigo Valadares<br \/>\n46. Rodolfo Nogueira<br \/>\n47. Coronel Assis<br \/>\n48. Caroline de Toni<br \/>\n49. Adilson Barroso<br \/>\n50. Alberto Fraga<br \/>\n51. Bibo Nunes<br \/>\n52. \u2060Abilio Brunini<br \/>\n53. \u2060Franciane Bayer<br \/>\n54. Lincoln Portela<br \/>\n55. Cristiane Lopes<br \/>\n56. \u2060Nicoletti<\/p>\n<p style=\"text-align: justify;\">fonte: Deborah Sena, Di\u00e1rio do Poder<\/p>\n<p style=\"text-align: justify;\">Veja mais not\u00edcias em: <a href=\"http:\/\/www.mspontocom.com.br\">www.mspontocom.com.br<\/a><\/p>\n<p style=\"text-align: justify;\">Nosso X (Twitter) @mspontocom<\/p>\n","protected":false},"excerpt":{"rendered":"<p>O deputado Ubiratan Sanderson (PL-RS) protocolou hoje um pedido de impeachment do presidente da Rep\u00fablica, Luiz In\u00e1cio Lula da Silva, fundamentado na identifica\u00e7\u00e3o de dados maquiados da Previd\u00eancia Social. O Parlamentar explicou ao Di\u00e1rio do Poder\u00a0que houve uma altera\u00e7\u00e3o que reduziu em cerca de R$ 12 bilh\u00f5es a proje\u00e7\u00e3o de despesas com benef\u00edcios previdenci\u00e1rios (aposentadorias, [&hellip;]<\/p>\n","protected":false},"author":2,"featured_media":191798,"comment_status":"open","ping_status":"open","sticky":false,"template":"","format":"standard","meta":{"_monsterinsights_skip_tracking":false,"_monsterinsights_sitenote_active":false,"_monsterinsights_sitenote_note":"","_monsterinsights_sitenote_category":0},"categories":[6,30260,2528,30259,12],"tags":[5441,480,41467,22233,305],"aioseo_notices":[],"_links":{"self":[{"href":"https:\/\/mspontocom.com.br\/site\/wp-json\/wp\/v2\/posts\/191783"}],"collection":[{"href":"https:\/\/mspontocom.com.br\/site\/wp-json\/wp\/v2\/posts"}],"about":[{"href":"https:\/\/mspontocom.com.br\/site\/wp-json\/wp\/v2\/types\/post"}],"author":[{"embeddable":true,"href":"https:\/\/mspontocom.com.br\/site\/wp-json\/wp\/v2\/users\/2"}],"replies":[{"embeddable":true,"href":"https:\/\/mspontocom.com.br\/site\/wp-json\/wp\/v2\/comments?post=191783"}],"version-history":[{"count":2,"href":"https:\/\/mspontocom.com.br\/site\/wp-json\/wp\/v2\/posts\/191783\/revisions"}],"predecessor-version":[{"id":191799,"href":"https:\/\/mspontocom.com.br\/site\/wp-json\/wp\/v2\/posts\/191783\/revisions\/191799"}],"wp:featuredmedia":[{"embeddable":true,"href":"https:\/\/mspontocom.com.br\/site\/wp-json\/wp\/v2\/media\/191798"}],"wp:attachment":[{"href":"https:\/\/mspontocom.com.br\/site\/wp-json\/wp\/v2\/media?parent=191783"}],"wp:term":[{"taxonomy":"category","embeddable":true,"href":"https:\/\/mspontocom.com.br\/site\/wp-json\/wp\/v2\/categories?post=191783"},{"taxonomy":"post_tag","embeddable":true,"href":"https:\/\/mspontocom.com.br\/site\/wp-json\/wp\/v2\/tags?post=191783"}],"curies":[{"name":"wp","href":"https:\/\/api.w.org\/{rel}","templated":true}]}}