{"id":191787,"date":"2024-06-26T06:11:09","date_gmt":"2024-06-26T10:11:09","guid":{"rendered":"https:\/\/mspontocom.com.br\/site\/?p=191787"},"modified":"2024-06-26T08:20:30","modified_gmt":"2024-06-26T12:20:30","slug":"stf-libera-maconhafaz-a-alegria-do-crime-organizado","status":"publish","type":"post","link":"https:\/\/mspontocom.com.br\/site\/stf-libera-maconhafaz-a-alegria-do-crime-organizado\/","title":{"rendered":"STF libera maconha e faz a alegria do crime organizado"},"content":{"rendered":"<p style=\"text-align: justify;\"><img loading=\"lazy\" class=\"alignnone size-full wp-image-191811\" src=\"https:\/\/mspontocom.com.br\/site\/wp-content\/uploads\/2024\/06\/site-decisao-do-stf-libera-maconha-e-faz-a-alegria-de-traficantes-maconha1-1-e1719402579944.webp\" alt=\"\" width=\"737\" height=\"455\" srcset=\"https:\/\/mspontocom.com.br\/site\/wp-content\/uploads\/2024\/06\/site-decisao-do-stf-libera-maconha-e-faz-a-alegria-de-traficantes-maconha1-1-e1719402579944.webp 737w, https:\/\/mspontocom.com.br\/site\/wp-content\/uploads\/2024\/06\/site-decisao-do-stf-libera-maconha-e-faz-a-alegria-de-traficantes-maconha1-1-e1719402579944-260x161.webp 260w\" sizes=\"(max-width: 737px) 100vw, 737px\" \/>Congressistas de oposi\u00e7\u00e3o ao governo Lula criticaram a decis\u00e3o do STF desta 3\u00aa feira (25.jun.2024) de descriminalizar o porte de maconha para uso pessoal.<\/p>\n<p style=\"text-align: justify;\"><span style=\"font-size: 14pt;\"><strong>Fica uma pergunta: como descriminalizar o consumo se, ao mesmo tempo, a produ\u00e7\u00e3o e a distribui\u00e7\u00e3o das drogas seguem sendo crimes?<\/strong><\/span><\/p>\n<p style=\"text-align: justify;\">O senador <strong>Hamilton Mour\u00e3o<\/strong> (Republicanos-RS) disse em seu perfil no X (ex-Twitter) que a Suprema Corte est\u00e1 violando e ultrapassando a compet\u00eancia do Congresso e realizando \u201cativismo judicial\u201d.<\/p>\n<p style=\"text-align: justify;\"><span style=\"color: #ff0000;\"><strong>De acordo com o ex-vice-presidente, \u201choje \u00e9 dia de festa no crime organizado\u201d.<\/strong><\/span><\/p>\n<p style=\"text-align: justify;\">O deputado <strong>Nikolas Ferreira<\/strong> (PL-MG) declarou que o Judici\u00e1rio est\u00e1 legislando sobre temas como drogas e aborto.<\/p>\n<p style=\"text-align: justify;\"><span style=\"color: #ff0000;\"><strong>\u201cOs iluminados do STF est\u00e3o decidindo tudo nesse pa\u00eds\u201d, afirmou.<\/strong><\/span><\/p>\n<p style=\"text-align: justify;\">O senador Fl\u00e1vio Bolsonaro (PL-RJ) declarou que esta 3\u00aa (25.jun) \u00e9 um \u201cdia triste\u201d\u00a0para o Brasil.<\/p>\n<p style=\"text-align: justify;\"><span style=\"color: #ff0000;\"><strong>Ele afirma que a decis\u00e3o STF \u201cpraticamente libera o tr\u00e1fico de drogas<\/strong><\/span><\/p>\n<p>&nbsp;<\/p>\n<p style=\"text-align: justify;\">Veja mais not\u00edcias em: <a href=\"http:\/\/www.mspontocom.com.br\">www.mspontocom.com.br<\/a><\/p>\n<p style=\"text-align: justify;\">Nosso X (Twitter) @mspontocom<\/p>\n","protected":false},"excerpt":{"rendered":"<p>Congressistas de oposi\u00e7\u00e3o ao governo Lula criticaram a decis\u00e3o do STF desta 3\u00aa feira (25.jun.2024) de descriminalizar o porte de maconha para uso pessoal. Fica uma pergunta: como descriminalizar o consumo se, ao mesmo tempo, a produ\u00e7\u00e3o e a distribui\u00e7\u00e3o das drogas seguem sendo crimes? O senador Hamilton Mour\u00e3o (Republicanos-RS) disse em seu perfil no [&hellip;]<\/p>\n","protected":false},"author":2,"featured_media":191811,"comment_status":"open","ping_status":"open","sticky":false,"template":"","format":"standard","meta":{"_monsterinsights_skip_tracking":false,"_monsterinsights_sitenote_active":false,"_monsterinsights_sitenote_note":"","_monsterinsights_sitenote_category":0},"categories":[6,30260,2528,30259,12],"tags":[41466,3908,41465,3014,1408],"aioseo_notices":[],"_links":{"self":[{"href":"https:\/\/mspontocom.com.br\/site\/wp-json\/wp\/v2\/posts\/191787"}],"collection":[{"href":"https:\/\/mspontocom.com.br\/site\/wp-json\/wp\/v2\/posts"}],"about":[{"href":"https:\/\/mspontocom.com.br\/site\/wp-json\/wp\/v2\/types\/post"}],"author":[{"embeddable":true,"href":"https:\/\/mspontocom.com.br\/site\/wp-json\/wp\/v2\/users\/2"}],"replies":[{"embeddable":true,"href":"https:\/\/mspontocom.com.br\/site\/wp-json\/wp\/v2\/comments?post=191787"}],"version-history":[{"count":4,"href":"https:\/\/mspontocom.com.br\/site\/wp-json\/wp\/v2\/posts\/191787\/revisions"}],"predecessor-version":[{"id":191812,"href":"https:\/\/mspontocom.com.br\/site\/wp-json\/wp\/v2\/posts\/191787\/revisions\/191812"}],"wp:featuredmedia":[{"embeddable":true,"href":"https:\/\/mspontocom.com.br\/site\/wp-json\/wp\/v2\/media\/191811"}],"wp:attachment":[{"href":"https:\/\/mspontocom.com.br\/site\/wp-json\/wp\/v2\/media?parent=191787"}],"wp:term":[{"taxonomy":"category","embeddable":true,"href":"https:\/\/mspontocom.com.br\/site\/wp-json\/wp\/v2\/categories?post=191787"},{"taxonomy":"post_tag","embeddable":true,"href":"https:\/\/mspontocom.com.br\/site\/wp-json\/wp\/v2\/tags?post=191787"}],"curies":[{"name":"wp","href":"https:\/\/api.w.org\/{rel}","templated":true}]}}