{"id":191815,"date":"2024-06-26T09:26:40","date_gmt":"2024-06-26T13:26:40","guid":{"rendered":"https:\/\/mspontocom.com.br\/site\/?p=191815"},"modified":"2024-06-26T09:26:40","modified_gmt":"2024-06-26T13:26:40","slug":"materia-censurada-no-mspontocom-sobre-stf-e-a-maconha","status":"publish","type":"post","link":"https:\/\/mspontocom.com.br\/site\/materia-censurada-no-mspontocom-sobre-stf-e-a-maconha\/","title":{"rendered":"Mat\u00e9ria censurada no mspontocom sobre STF e a maconha"},"content":{"rendered":"<p><span style=\"color: #ff0000;\">\u00a0<img loading=\"lazy\" class=\"alignnone size-full wp-image-191817\" src=\"https:\/\/mspontocom.com.br\/site\/wp-content\/uploads\/2024\/06\/site-materia-censurada-no-mspontocom-sobre-stf-e-a-maconha-censura-nao.jpg\" alt=\"\" width=\"845\" height=\"500\" srcset=\"https:\/\/mspontocom.com.br\/site\/wp-content\/uploads\/2024\/06\/site-materia-censurada-no-mspontocom-sobre-stf-e-a-maconha-censura-nao.jpg 845w, https:\/\/mspontocom.com.br\/site\/wp-content\/uploads\/2024\/06\/site-materia-censurada-no-mspontocom-sobre-stf-e-a-maconha-censura-nao-260x154.jpg 260w, https:\/\/mspontocom.com.br\/site\/wp-content\/uploads\/2024\/06\/site-materia-censurada-no-mspontocom-sobre-stf-e-a-maconha-censura-nao-768x454.jpg 768w\" sizes=\"(max-width: 845px) 100vw, 845px\" \/>Esta mat\u00e9ria foi cencurada pelo Facebook.<\/span><\/p>\n<p><span style=\"color: #ff0000;\">Se voc\u00ea conseguir l\u00ea-la \u00e9 porque conseguimos dribr\u00e1-lo.<\/span><\/p>\n<p>&nbsp;<\/p>\n<p style=\"text-align: justify;\">Congressistas de oposi\u00e7\u00e3o ao governo Lula criticaram a decis\u00e3o do STF desta 3\u00aa feira (25.jun.2024) de descriminalizar o porte de maconha para uso pessoal.<\/p>\n<p style=\"text-align: justify;\"><strong><span style=\"font-size: 14.0pt;\">Fica uma pergunta: como descriminalizar o consumo se, ao mesmo tempo, a produ\u00e7\u00e3o e a distribui\u00e7\u00e3o das drogas seguem sendo crimes?<\/span><\/strong><\/p>\n<p style=\"text-align: justify;\">O senador <strong>Hamilton Mour\u00e3o<\/strong> (Republicanos-RS) disse em seu perfil no X (ex-Twitter) que a Suprema Corte est\u00e1 violando e ultrapassando a compet\u00eancia do Congresso e realizando \u201cativismo judicial\u201d.<\/p>\n<p style=\"text-align: justify;\"><strong><span style=\"color: red;\">De acordo com o ex-vice-presidente, \u201choje \u00e9 dia de festa no crime organizado\u201d.<\/span><\/strong><\/p>\n<p style=\"text-align: justify;\">O deputado <strong>Nikolas Ferreira<\/strong> (PL-MG) declarou que o Judici\u00e1rio est\u00e1 legislando sobre temas como drogas e aborto.<\/p>\n<p style=\"text-align: justify;\"><strong><span style=\"color: red;\">\u201cOs iluminados do STF est\u00e3o decidindo tudo nesse pa\u00eds\u201d, afirmou.<\/span><\/strong><\/p>\n<p style=\"text-align: justify;\">O senador Fl\u00e1vio Bolsonaro (PL-RJ) declarou que esta 3\u00aa (25.jun) \u00e9 um \u201cdia triste\u201d\u00a0para o Brasil.<\/p>\n<p style=\"text-align: justify;\"><strong><span style=\"color: red;\">Ele afirma que a decis\u00e3o STF \u201cpraticamente libera o tr\u00e1fico de drogas<\/span><\/strong><\/p>\n<p>&nbsp;<\/p>\n<p><img loading=\"lazy\" class=\"alignnone size-full wp-image-191816\" src=\"https:\/\/mspontocom.com.br\/site\/wp-content\/uploads\/2024\/06\/site-maconha1-e1719408135523.webp\" alt=\"\" width=\"764\" height=\"456\" srcset=\"https:\/\/mspontocom.com.br\/site\/wp-content\/uploads\/2024\/06\/site-maconha1-e1719408135523.webp 764w, https:\/\/mspontocom.com.br\/site\/wp-content\/uploads\/2024\/06\/site-maconha1-e1719408135523-260x155.webp 260w\" sizes=\"(max-width: 764px) 100vw, 764px\" \/><\/p>\n<p>&nbsp;<\/p>\n","protected":false},"excerpt":{"rendered":"<p>\u00a0Esta mat\u00e9ria foi cencurada pelo Facebook. Se voc\u00ea conseguir l\u00ea-la \u00e9 porque conseguimos dribr\u00e1-lo. &nbsp; Congressistas de oposi\u00e7\u00e3o ao governo Lula criticaram a decis\u00e3o do STF desta 3\u00aa feira (25.jun.2024) de descriminalizar o porte de maconha para uso pessoal. Fica uma pergunta: como descriminalizar o consumo se, ao mesmo tempo, a produ\u00e7\u00e3o e a distribui\u00e7\u00e3o [&hellip;]<\/p>\n","protected":false},"author":2,"featured_media":191817,"comment_status":"open","ping_status":"open","sticky":false,"template":"","format":"standard","meta":{"_monsterinsights_skip_tracking":false,"_monsterinsights_sitenote_active":false,"_monsterinsights_sitenote_note":"","_monsterinsights_sitenote_category":0},"categories":[6,30260,30259,12],"tags":[3290,41471,6587,3014],"aioseo_notices":[],"_links":{"self":[{"href":"https:\/\/mspontocom.com.br\/site\/wp-json\/wp\/v2\/posts\/191815"}],"collection":[{"href":"https:\/\/mspontocom.com.br\/site\/wp-json\/wp\/v2\/posts"}],"about":[{"href":"https:\/\/mspontocom.com.br\/site\/wp-json\/wp\/v2\/types\/post"}],"author":[{"embeddable":true,"href":"https:\/\/mspontocom.com.br\/site\/wp-json\/wp\/v2\/users\/2"}],"replies":[{"embeddable":true,"href":"https:\/\/mspontocom.com.br\/site\/wp-json\/wp\/v2\/comments?post=191815"}],"version-history":[{"count":1,"href":"https:\/\/mspontocom.com.br\/site\/wp-json\/wp\/v2\/posts\/191815\/revisions"}],"predecessor-version":[{"id":191818,"href":"https:\/\/mspontocom.com.br\/site\/wp-json\/wp\/v2\/posts\/191815\/revisions\/191818"}],"wp:featuredmedia":[{"embeddable":true,"href":"https:\/\/mspontocom.com.br\/site\/wp-json\/wp\/v2\/media\/191817"}],"wp:attachment":[{"href":"https:\/\/mspontocom.com.br\/site\/wp-json\/wp\/v2\/media?parent=191815"}],"wp:term":[{"taxonomy":"category","embeddable":true,"href":"https:\/\/mspontocom.com.br\/site\/wp-json\/wp\/v2\/categories?post=191815"},{"taxonomy":"post_tag","embeddable":true,"href":"https:\/\/mspontocom.com.br\/site\/wp-json\/wp\/v2\/tags?post=191815"}],"curies":[{"name":"wp","href":"https:\/\/api.w.org\/{rel}","templated":true}]}}