{"id":191824,"date":"2024-06-27T07:21:16","date_gmt":"2024-06-27T11:21:16","guid":{"rendered":"https:\/\/mspontocom.com.br\/site\/?p=191824"},"modified":"2024-06-27T07:21:16","modified_gmt":"2024-06-27T11:21:16","slug":"legalizar-drogas-e-flechada-no-peito-nas-familias-brasileiras-diz-bolsonaro","status":"publish","type":"post","link":"https:\/\/mspontocom.com.br\/site\/legalizar-drogas-e-flechada-no-peito-nas-familias-brasileiras-diz-bolsonaro\/","title":{"rendered":"\u201cLegalizar drogas \u00e9 flechada no peito nas fam\u00edlias brasileiras\u201d, diz Bolsonaro"},"content":{"rendered":"<p style=\"text-align: justify;\"><img loading=\"lazy\" class=\"alignnone size-full wp-image-191829\" src=\"https:\/\/mspontocom.com.br\/site\/wp-content\/uploads\/2024\/06\/site-legalizar-drogas-e-flechada-no-peito-nas-familias-brasileiras-diz-bolsonaro-stf.jpg\" alt=\"\" width=\"1280\" height=\"720\" srcset=\"https:\/\/mspontocom.com.br\/site\/wp-content\/uploads\/2024\/06\/site-legalizar-drogas-e-flechada-no-peito-nas-familias-brasileiras-diz-bolsonaro-stf.jpg 1280w, https:\/\/mspontocom.com.br\/site\/wp-content\/uploads\/2024\/06\/site-legalizar-drogas-e-flechada-no-peito-nas-familias-brasileiras-diz-bolsonaro-stf-260x146.jpg 260w, https:\/\/mspontocom.com.br\/site\/wp-content\/uploads\/2024\/06\/site-legalizar-drogas-e-flechada-no-peito-nas-familias-brasileiras-diz-bolsonaro-stf-1024x576.jpg 1024w, https:\/\/mspontocom.com.br\/site\/wp-content\/uploads\/2024\/06\/site-legalizar-drogas-e-flechada-no-peito-nas-familias-brasileiras-diz-bolsonaro-stf-768x432.jpg 768w\" sizes=\"(max-width: 1280px) 100vw, 1280px\" \/><strong>Jair Bolsonaro<\/strong> manifestou intensa reprova\u00e7\u00e3o em suas redes sociais \u00e0 decis\u00e3o do STF de tornar o porte de maconha para uso pessoal n\u00e3o criminoso.<\/p>\n<p style=\"text-align: justify;\">Na sua declara\u00e7\u00e3o, Bolsonaro afirmou que essa a\u00e7\u00e3o \u00e9 uma <strong>\u201cflechada no peito das fam\u00edlias brasileiras\u201d<\/strong> e supostamente critica os efeitos negativos na Seguran\u00e7a P\u00fablica.<\/p>\n<p style=\"text-align: justify;\"><em>\u201c<span style=\"font-size: 14pt;\">A legaliza\u00e7\u00e3o das drogas \u00e9 uma flechada no peito das fam\u00edlias brasileiras que sofrem em decorr\u00eancia dos males desta mat\u00e9ria, al\u00e9m de trazer forte desmoraliza\u00e7\u00e3o ao trabalho das For\u00e7as de Seguran\u00e7a. Que o Poder respons\u00e1vel pela representa\u00e7\u00e3o popular democr\u00e1tica seja respeitado.<\/span>\u201d,<\/em>\u00a0escreveu Bolsonaro.<\/p>\n<p style=\"text-align: justify;\">O STF tomou decis\u00e3o majorit\u00e1ria estabelecendo um crit\u00e9rio objetivo para distinguir entre usu\u00e1rio e traficante de maconha.<\/p>\n<p style=\"text-align: justify;\">Determinou-se que a posse de at\u00e9 40 gramas da subst\u00e2ncia ou o cultivo de at\u00e9 seis plantas f\u00eameas \u00e9 considerado um ato administrativo il\u00edcito, n\u00e3o um crime.<\/p>\n<p style=\"text-align: justify;\">Veja mais not\u00edcias em: <a href=\"http:\/\/www.mspontocom.com.br\">www.mspontocom.com.br<\/a><\/p>\n<p style=\"text-align: justify;\">Nosso X (Twitter) @mspontocom<\/p>\n","protected":false},"excerpt":{"rendered":"<p>Jair Bolsonaro manifestou intensa reprova\u00e7\u00e3o em suas redes sociais \u00e0 decis\u00e3o do STF de tornar o porte de maconha para uso pessoal n\u00e3o criminoso. Na sua declara\u00e7\u00e3o, Bolsonaro afirmou que essa a\u00e7\u00e3o \u00e9 uma \u201cflechada no peito das fam\u00edlias brasileiras\u201d e supostamente critica os efeitos negativos na Seguran\u00e7a P\u00fablica. \u201cA legaliza\u00e7\u00e3o das drogas \u00e9 uma [&hellip;]<\/p>\n","protected":false},"author":2,"featured_media":191829,"comment_status":"open","ping_status":"open","sticky":false,"template":"","format":"standard","meta":{"_monsterinsights_skip_tracking":false,"_monsterinsights_sitenote_active":false,"_monsterinsights_sitenote_note":"","_monsterinsights_sitenote_category":0},"categories":[6,30260,30259,12],"tags":[21017,40827,41474,41473,41475],"aioseo_notices":[],"_links":{"self":[{"href":"https:\/\/mspontocom.com.br\/site\/wp-json\/wp\/v2\/posts\/191824"}],"collection":[{"href":"https:\/\/mspontocom.com.br\/site\/wp-json\/wp\/v2\/posts"}],"about":[{"href":"https:\/\/mspontocom.com.br\/site\/wp-json\/wp\/v2\/types\/post"}],"author":[{"embeddable":true,"href":"https:\/\/mspontocom.com.br\/site\/wp-json\/wp\/v2\/users\/2"}],"replies":[{"embeddable":true,"href":"https:\/\/mspontocom.com.br\/site\/wp-json\/wp\/v2\/comments?post=191824"}],"version-history":[{"count":2,"href":"https:\/\/mspontocom.com.br\/site\/wp-json\/wp\/v2\/posts\/191824\/revisions"}],"predecessor-version":[{"id":191830,"href":"https:\/\/mspontocom.com.br\/site\/wp-json\/wp\/v2\/posts\/191824\/revisions\/191830"}],"wp:featuredmedia":[{"embeddable":true,"href":"https:\/\/mspontocom.com.br\/site\/wp-json\/wp\/v2\/media\/191829"}],"wp:attachment":[{"href":"https:\/\/mspontocom.com.br\/site\/wp-json\/wp\/v2\/media?parent=191824"}],"wp:term":[{"taxonomy":"category","embeddable":true,"href":"https:\/\/mspontocom.com.br\/site\/wp-json\/wp\/v2\/categories?post=191824"},{"taxonomy":"post_tag","embeddable":true,"href":"https:\/\/mspontocom.com.br\/site\/wp-json\/wp\/v2\/tags?post=191824"}],"curies":[{"name":"wp","href":"https:\/\/api.w.org\/{rel}","templated":true}]}}