{"id":191855,"date":"2024-06-28T05:25:52","date_gmt":"2024-06-28T09:25:52","guid":{"rendered":"https:\/\/mspontocom.com.br\/site\/?p=191855"},"modified":"2024-06-28T05:25:52","modified_gmt":"2024-06-28T09:25:52","slug":"lula-diz-que-ha-poucas-mulheres-e-negros-aptos-para-cargos-no-governo","status":"publish","type":"post","link":"https:\/\/mspontocom.com.br\/site\/lula-diz-que-ha-poucas-mulheres-e-negros-aptos-para-cargos-no-governo\/","title":{"rendered":"Lula diz que h\u00e1 poucas mulheres e negros aptos para cargos no governo"},"content":{"rendered":"<section class=\"container\">\n<article id=\"\" class=\"tpl-post\">\n<div id=\"tp-post-content\" class=\"md-post-content\">\n<div id=\"paywall-google\" class=\"article-body paywall-google col-8\">\n<div class=\"wrapper\">\n<p style=\"text-align: justify;\" tabindex=\"0\"><img loading=\"lazy\" class=\"alignnone size-full wp-image-191865\" src=\"https:\/\/mspontocom.com.br\/site\/wp-content\/uploads\/2024\/06\/site-lula-diz-que-ha-poucas-mulheres-e-negros-aptos-para-cargos-no-governo-lula-livre-rindo.jpeg\" alt=\"\" width=\"696\" height=\"464\" srcset=\"https:\/\/mspontocom.com.br\/site\/wp-content\/uploads\/2024\/06\/site-lula-diz-que-ha-poucas-mulheres-e-negros-aptos-para-cargos-no-governo-lula-livre-rindo.jpeg 696w, https:\/\/mspontocom.com.br\/site\/wp-content\/uploads\/2024\/06\/site-lula-diz-que-ha-poucas-mulheres-e-negros-aptos-para-cargos-no-governo-lula-livre-rindo-260x173.jpeg 260w\" sizes=\"(max-width: 696px) 100vw, 696px\" \/>O presidente <strong>Lula<\/strong> afirmou\u00a0 em entrevista ao portal <em>UOL<\/em>, que n\u00e3o coloca mais negros e mulheres em cargos no seu governo por <strong>&#8220;falta de oferta&#8221;<\/strong> de profissionais com essas caracter\u00edsticas.<\/p>\n<p style=\"text-align: justify;\" tabindex=\"0\">Para ele, a pouca participa\u00e7\u00e3o destes grupos sociais na pol\u00edtica ao longo da hist\u00f3ria tem como resultado uma menor quantidade de mulheres e negros<b> aptos<\/b>\u00a0a ocupar esses cargos.<\/p>\n<p style=\"text-align: justify;\" tabindex=\"0\">Nas redes sociais, usu\u00e1rios criticaram a falta de repercuss\u00e3o, nos meios de comunica\u00e7\u00e3o, do car\u00e1ter discriminat\u00f3rio da fala de Lula, e o duplo padr\u00e3o da esquerda.<\/p>\n<p style=\"text-align: justify;\" tabindex=\"0\">&#8220;Segundo Lula negros e mulheres s\u00e3o incompetentes? Ou t\u00f4 ficando doido? Se fosse o Bolsonaro falando a mesma coisa\u2026&#8221;, questionou um usu\u00e1rio do X, em uma postagem com centenas de curtidas.<\/p>\n<p style=\"text-align: justify;\">Veja mais not\u00edcias em: <a href=\"http:\/\/www.mspontocom.com.br\">www.mspontocom.com.br<\/a><\/p>\n<p style=\"text-align: justify;\">Nosso X (Twitter) @mspontocom<\/p>\n<\/div>\n<\/div>\n<\/div>\n<\/article>\n<\/section>\n<div class=\"fixed-footer\">\n<div class=\"c-ads ads-desktop ads-stick-footer\">\n<div id=\"d-pos-footer-1\" style=\"text-align: justify;\"><\/div>\n<\/div>\n<\/div>\n","protected":false},"excerpt":{"rendered":"<p>O presidente Lula afirmou\u00a0 em entrevista ao portal UOL, que n\u00e3o coloca mais negros e mulheres em cargos no seu governo por &#8220;falta de oferta&#8221; de profissionais com essas caracter\u00edsticas. Para ele, a pouca participa\u00e7\u00e3o destes grupos sociais na pol\u00edtica ao longo da hist\u00f3ria tem como resultado uma menor quantidade de mulheres e negros aptos\u00a0a [&hellip;]<\/p>\n","protected":false},"author":2,"featured_media":191865,"comment_status":"open","ping_status":"open","sticky":false,"template":"","format":"standard","meta":{"_monsterinsights_skip_tracking":false,"_monsterinsights_sitenote_active":false,"_monsterinsights_sitenote_note":"","_monsterinsights_sitenote_category":0},"categories":[6,30260,30259,12],"tags":[41486,2935,78,480,41485],"aioseo_notices":[],"_links":{"self":[{"href":"https:\/\/mspontocom.com.br\/site\/wp-json\/wp\/v2\/posts\/191855"}],"collection":[{"href":"https:\/\/mspontocom.com.br\/site\/wp-json\/wp\/v2\/posts"}],"about":[{"href":"https:\/\/mspontocom.com.br\/site\/wp-json\/wp\/v2\/types\/post"}],"author":[{"embeddable":true,"href":"https:\/\/mspontocom.com.br\/site\/wp-json\/wp\/v2\/users\/2"}],"replies":[{"embeddable":true,"href":"https:\/\/mspontocom.com.br\/site\/wp-json\/wp\/v2\/comments?post=191855"}],"version-history":[{"count":2,"href":"https:\/\/mspontocom.com.br\/site\/wp-json\/wp\/v2\/posts\/191855\/revisions"}],"predecessor-version":[{"id":191866,"href":"https:\/\/mspontocom.com.br\/site\/wp-json\/wp\/v2\/posts\/191855\/revisions\/191866"}],"wp:featuredmedia":[{"embeddable":true,"href":"https:\/\/mspontocom.com.br\/site\/wp-json\/wp\/v2\/media\/191865"}],"wp:attachment":[{"href":"https:\/\/mspontocom.com.br\/site\/wp-json\/wp\/v2\/media?parent=191855"}],"wp:term":[{"taxonomy":"category","embeddable":true,"href":"https:\/\/mspontocom.com.br\/site\/wp-json\/wp\/v2\/categories?post=191855"},{"taxonomy":"post_tag","embeddable":true,"href":"https:\/\/mspontocom.com.br\/site\/wp-json\/wp\/v2\/tags?post=191855"}],"curies":[{"name":"wp","href":"https:\/\/api.w.org\/{rel}","templated":true}]}}