{"id":191887,"date":"2024-06-29T07:38:24","date_gmt":"2024-06-29T11:38:24","guid":{"rendered":"https:\/\/mspontocom.com.br\/site\/?p=191887"},"modified":"2024-06-29T07:38:24","modified_gmt":"2024-06-29T11:38:24","slug":"milei-ignora-lula-por-desculpas-e-reafirma-corrupto","status":"publish","type":"post","link":"https:\/\/mspontocom.com.br\/site\/milei-ignora-lula-por-desculpas-e-reafirma-corrupto\/","title":{"rendered":"Milei ignora Lula por desculpas e reafirma: \u2018corrupto\u2019"},"content":{"rendered":"<p style=\"text-align: justify;\"><img loading=\"lazy\" class=\"alignnone size-full wp-image-191888\" src=\"https:\/\/mspontocom.com.br\/site\/wp-content\/uploads\/2024\/06\/site-milei-ignora-lula-por-desculpas-e-reitera-corrupto-milei.jpg\" alt=\"\" width=\"960\" height=\"640\" srcset=\"https:\/\/mspontocom.com.br\/site\/wp-content\/uploads\/2024\/06\/site-milei-ignora-lula-por-desculpas-e-reitera-corrupto-milei.jpg 960w, https:\/\/mspontocom.com.br\/site\/wp-content\/uploads\/2024\/06\/site-milei-ignora-lula-por-desculpas-e-reitera-corrupto-milei-260x173.jpg 260w, https:\/\/mspontocom.com.br\/site\/wp-content\/uploads\/2024\/06\/site-milei-ignora-lula-por-desculpas-e-reitera-corrupto-milei-768x512.jpg 768w\" sizes=\"(max-width: 960px) 100vw, 960px\" \/>Presidente da Argentina,<strong> Javier Milei,<\/strong> reagiu com indiferen\u00e7a e reafirmou ataques ao presidente <strong>Lula<\/strong> (PT), ap\u00f3s o brasileiro cobrar publicamente um pedido de desculpas por ter sido chamado de<strong> corrupto,<\/strong> durante as elei\u00e7\u00f5es presidenciais argentinas.<\/p>\n<p style=\"text-align: justify;\">Em entrevista repostada pelo pr\u00f3prio argentino , Milei volta a chamar Lula de \u201ccorrupto e comunista\u201d.<\/p>\n<p style=\"text-align: justify;\">Milei minimizou a pol\u00eamica e n\u00e3o ver necessidade de se desculpar pelas suas declara\u00e7\u00f5es, por consider\u00e1-las verdadeiras.<\/p>\n<p style=\"text-align: justify;\"><span style=\"font-size: 14pt;\"><em>\u201cQual \u00e9 o problema que o chamei de corrupto? Por acaso ele n\u00e3o foi preso por corrup\u00e7\u00e3o? E o que eu disse\u2026 Comunista? Por acaso [Lula] n\u00e3o \u00e9 comunista? Desde quando tem que pedir perd\u00e3o por dizer a verdade?<\/em><\/span>\u00a0 reagiu Milei, ao ser questionado se pediria desculpas a Lula, em entrevista ao canal<em>\u00a0La Naci\u00f3n +<\/em>.<\/p>\n","protected":false},"excerpt":{"rendered":"<p>Presidente da Argentina, Javier Milei, reagiu com indiferen\u00e7a e reafirmou ataques ao presidente Lula (PT), ap\u00f3s o brasileiro cobrar publicamente um pedido de desculpas por ter sido chamado de corrupto, durante as elei\u00e7\u00f5es presidenciais argentinas. Em entrevista repostada pelo pr\u00f3prio argentino , Milei volta a chamar Lula de \u201ccorrupto e comunista\u201d. Milei minimizou a pol\u00eamica [&hellip;]<\/p>\n","protected":false},"author":2,"featured_media":191888,"comment_status":"open","ping_status":"open","sticky":false,"template":"","format":"standard","meta":{"_monsterinsights_skip_tracking":false,"_monsterinsights_sitenote_active":false,"_monsterinsights_sitenote_note":"","_monsterinsights_sitenote_category":0},"categories":[30260,30259,12],"tags":[25207,6372,28931,480,40234],"aioseo_notices":[],"_links":{"self":[{"href":"https:\/\/mspontocom.com.br\/site\/wp-json\/wp\/v2\/posts\/191887"}],"collection":[{"href":"https:\/\/mspontocom.com.br\/site\/wp-json\/wp\/v2\/posts"}],"about":[{"href":"https:\/\/mspontocom.com.br\/site\/wp-json\/wp\/v2\/types\/post"}],"author":[{"embeddable":true,"href":"https:\/\/mspontocom.com.br\/site\/wp-json\/wp\/v2\/users\/2"}],"replies":[{"embeddable":true,"href":"https:\/\/mspontocom.com.br\/site\/wp-json\/wp\/v2\/comments?post=191887"}],"version-history":[{"count":2,"href":"https:\/\/mspontocom.com.br\/site\/wp-json\/wp\/v2\/posts\/191887\/revisions"}],"predecessor-version":[{"id":191890,"href":"https:\/\/mspontocom.com.br\/site\/wp-json\/wp\/v2\/posts\/191887\/revisions\/191890"}],"wp:featuredmedia":[{"embeddable":true,"href":"https:\/\/mspontocom.com.br\/site\/wp-json\/wp\/v2\/media\/191888"}],"wp:attachment":[{"href":"https:\/\/mspontocom.com.br\/site\/wp-json\/wp\/v2\/media?parent=191887"}],"wp:term":[{"taxonomy":"category","embeddable":true,"href":"https:\/\/mspontocom.com.br\/site\/wp-json\/wp\/v2\/categories?post=191887"},{"taxonomy":"post_tag","embeddable":true,"href":"https:\/\/mspontocom.com.br\/site\/wp-json\/wp\/v2\/tags?post=191887"}],"curies":[{"name":"wp","href":"https:\/\/api.w.org\/{rel}","templated":true}]}}