{"id":191917,"date":"2024-07-01T05:36:32","date_gmt":"2024-07-01T09:36:32","guid":{"rendered":"https:\/\/mspontocom.com.br\/site\/?p=191917"},"modified":"2024-07-01T05:36:32","modified_gmt":"2024-07-01T09:36:32","slug":"oposicao-ja-comeca-a-chamar-lula-de-biden-da-silva","status":"publish","type":"post","link":"https:\/\/mspontocom.com.br\/site\/oposicao-ja-comeca-a-chamar-lula-de-biden-da-silva\/","title":{"rendered":"Oposi\u00e7\u00e3o j\u00e1 come\u00e7a a chamar Lula de \u201cBiden da Silva\u201d"},"content":{"rendered":"<p style=\"text-align: justify;\"><img loading=\"lazy\" class=\"alignnone size-full wp-image-191930\" src=\"https:\/\/mspontocom.com.br\/site\/wp-content\/uploads\/2024\/07\/site-oposicao-ja-comeca-a-chamar-lula-de-biden-da-silva-biden.jpg\" alt=\"\" width=\"700\" height=\"466\" srcset=\"https:\/\/mspontocom.com.br\/site\/wp-content\/uploads\/2024\/07\/site-oposicao-ja-comeca-a-chamar-lula-de-biden-da-silva-biden.jpg 700w, https:\/\/mspontocom.com.br\/site\/wp-content\/uploads\/2024\/07\/site-oposicao-ja-comeca-a-chamar-lula-de-biden-da-silva-biden-260x173.jpg 260w\" sizes=\"(max-width: 700px) 100vw, 700px\" \/>O presidente do PP (Partido Progressistas), senador Ciro Nogueira (PI), chamou o presidente Lula\u00a0 de <strong>\u201cBiden da Silva\u201d<\/strong> em refer\u00eancia ao presidente dos Estados Unidos, Joe Biden.<\/p>\n<p style=\"text-align: justify;\"><strong>Afirmou que a \u201cperda de contato\u201d do petista com a realidade \u201cs\u00f3 aumenta\u201d.<\/strong><\/p>\n<p style=\"text-align: justify;\">O presidente norte-americano tem apresentado sinais de confus\u00e3o.<\/p>\n<p style=\"text-align: justify;\">O desempenho do democrata no 1\u00ba debate presidencial na 5\u00aa feira (27.jun) contra o ex-presidente e seu principal advers\u00e1rio, Donald Trump\u00a0 foi visto como um desastre.<\/p>\n<p style=\"text-align: justify;\">\u201cComo disse o NYT [The New York Times] sobre o outro Biden, seu tempo passou\u201d, declarou o senador sobre Lula.<\/p>\n<p style=\"text-align: justify;\">Segundo o congressista, cada vez que o presidente brasileiro fala, \u201co Brasil se espanta e n\u00e3o reconhece\u201d quem um dia ele foi.<\/p>\n<p><img loading=\"lazy\" class=\"alignnone size-full wp-image-191918\" src=\"https:\/\/mspontocom.com.br\/site\/wp-content\/uploads\/2024\/07\/site-ciro.webp\" alt=\"\" width=\"1250\" height=\"450\" srcset=\"https:\/\/mspontocom.com.br\/site\/wp-content\/uploads\/2024\/07\/site-ciro.webp 1250w, https:\/\/mspontocom.com.br\/site\/wp-content\/uploads\/2024\/07\/site-ciro-260x94.webp 260w, https:\/\/mspontocom.com.br\/site\/wp-content\/uploads\/2024\/07\/site-ciro-1024x369.webp 1024w, https:\/\/mspontocom.com.br\/site\/wp-content\/uploads\/2024\/07\/site-ciro-768x276.webp 768w\" sizes=\"(max-width: 1250px) 100vw, 1250px\" \/><\/p>\n","protected":false},"excerpt":{"rendered":"<p>O presidente do PP (Partido Progressistas), senador Ciro Nogueira (PI), chamou o presidente Lula\u00a0 de \u201cBiden da Silva\u201d em refer\u00eancia ao presidente dos Estados Unidos, Joe Biden. Afirmou que a \u201cperda de contato\u201d do petista com a realidade \u201cs\u00f3 aumenta\u201d. O presidente norte-americano tem apresentado sinais de confus\u00e3o. O desempenho do democrata no 1\u00ba debate [&hellip;]<\/p>\n","protected":false},"author":2,"featured_media":191930,"comment_status":"open","ping_status":"open","sticky":false,"template":"","format":"standard","meta":{"_monsterinsights_skip_tracking":false,"_monsterinsights_sitenote_active":false,"_monsterinsights_sitenote_note":"","_monsterinsights_sitenote_category":0},"categories":[6,30260,30259,12],"tags":[41503,41502,480,4285],"aioseo_notices":[],"_links":{"self":[{"href":"https:\/\/mspontocom.com.br\/site\/wp-json\/wp\/v2\/posts\/191917"}],"collection":[{"href":"https:\/\/mspontocom.com.br\/site\/wp-json\/wp\/v2\/posts"}],"about":[{"href":"https:\/\/mspontocom.com.br\/site\/wp-json\/wp\/v2\/types\/post"}],"author":[{"embeddable":true,"href":"https:\/\/mspontocom.com.br\/site\/wp-json\/wp\/v2\/users\/2"}],"replies":[{"embeddable":true,"href":"https:\/\/mspontocom.com.br\/site\/wp-json\/wp\/v2\/comments?post=191917"}],"version-history":[{"count":2,"href":"https:\/\/mspontocom.com.br\/site\/wp-json\/wp\/v2\/posts\/191917\/revisions"}],"predecessor-version":[{"id":191931,"href":"https:\/\/mspontocom.com.br\/site\/wp-json\/wp\/v2\/posts\/191917\/revisions\/191931"}],"wp:featuredmedia":[{"embeddable":true,"href":"https:\/\/mspontocom.com.br\/site\/wp-json\/wp\/v2\/media\/191930"}],"wp:attachment":[{"href":"https:\/\/mspontocom.com.br\/site\/wp-json\/wp\/v2\/media?parent=191917"}],"wp:term":[{"taxonomy":"category","embeddable":true,"href":"https:\/\/mspontocom.com.br\/site\/wp-json\/wp\/v2\/categories?post=191917"},{"taxonomy":"post_tag","embeddable":true,"href":"https:\/\/mspontocom.com.br\/site\/wp-json\/wp\/v2\/tags?post=191917"}],"curies":[{"name":"wp","href":"https:\/\/api.w.org\/{rel}","templated":true}]}}