{"id":191948,"date":"2024-07-02T05:29:50","date_gmt":"2024-07-02T09:29:50","guid":{"rendered":"https:\/\/mspontocom.com.br\/site\/?p=191948"},"modified":"2024-07-02T05:29:50","modified_gmt":"2024-07-02T09:29:50","slug":"bolsonaro-recepcionara-milei-no-maior-evento-conservador-da-america-latina","status":"publish","type":"post","link":"https:\/\/mspontocom.com.br\/site\/bolsonaro-recepcionara-milei-no-maior-evento-conservador-da-america-latina\/","title":{"rendered":"Bolsonaro recepcionar\u00e1 Milei no maior evento conservador da Am\u00e9rica Latina"},"content":{"rendered":"<p style=\"text-align: justify;\"><img loading=\"lazy\" class=\"alignnone size-full wp-image-191956\" src=\"https:\/\/mspontocom.com.br\/site\/wp-content\/uploads\/2024\/07\/site-bolsonaro-recepcionara-milei-no-maior-evento-conservador-da-america-latina-milei-e-bolsonaro.jpeg\" alt=\"\" width=\"1024\" height=\"682\" srcset=\"https:\/\/mspontocom.com.br\/site\/wp-content\/uploads\/2024\/07\/site-bolsonaro-recepcionara-milei-no-maior-evento-conservador-da-america-latina-milei-e-bolsonaro.jpeg 1024w, https:\/\/mspontocom.com.br\/site\/wp-content\/uploads\/2024\/07\/site-bolsonaro-recepcionara-milei-no-maior-evento-conservador-da-america-latina-milei-e-bolsonaro-260x173.jpeg 260w, https:\/\/mspontocom.com.br\/site\/wp-content\/uploads\/2024\/07\/site-bolsonaro-recepcionara-milei-no-maior-evento-conservador-da-america-latina-milei-e-bolsonaro-768x512.jpeg 768w\" sizes=\"(max-width: 1024px) 100vw, 1024px\" \/>O presidente <strong>Javier Milei<\/strong> ser\u00e1 recebido com todas as honras no pr\u00f3ximo s\u00e1bado (6), durante a Confer\u00eancia de A\u00e7\u00e3o Pol\u00edtica Conservadora em Balne\u00e1rio Cambori\u00fa, em Santa Catarina, Estado que sempre derrota petistas.<\/p>\n<p style=\"text-align: justify;\">O evento \u00e9 uma \u201cvers\u00e3o brasileira\u201d do Conservative Political Action Conference (CPAC), que re\u00fane nomes do conservadorismo dos Estados Unidos em congressos anuais desde 1973.<\/p>\n<p style=\"text-align: justify;\">A organiza\u00e7\u00e3o da CPAC Brasil cabe ao <strong>Instituto Conservador Liberal,<\/strong> presidido no Brasil pelo deputado\u00a0 Eduardo Bolsonaro\u00a0(PL-SP), filho do ex-presidente brasileiro<\/p>\n<p style=\"text-align: justify;\">Bolsonaro est\u00e1 pessoalmente envolvido para que Milei tenha manifesta\u00e7\u00e3o consagradora, em reconhecimento ao fato de o argentino n\u00e3o esconder o que pensa Lula em entrevistas e at\u00e9 eventos internacionais, como no recente G-7: \u201c\u00e9 um corrupto\u201d.<\/p>\n<div id=\"Nota-7\" class=\"entry-block ch-nota Nota-7\" style=\"text-align: justify;\">\n<h3><span style=\"font-size: 16px;\">Cada vez aumenta mais<\/span><\/h3>\n<\/div>\n<p style=\"text-align: justify;\">Para al\u00e9m do \u00eaxito do seu governo, Milei ganha cada vez mais f\u00e3s no Brasil exatamente por representar a avers\u00e3o conservadora ao petista.<\/p>\n<div id=\"Nota-9\" class=\"entry-block ch-nota Nota-9\" style=\"text-align: justify;\">\n<h3>Conceito reiterado<\/h3>\n<\/div>\n<p style=\"text-align: justify;\">Recentemente, Milei levou antipetistas ao del\u00edrio recusando o pedido de desculpas reclamado por Lula: \u201cA Justi\u00e7a o condenou por corrup\u00e7\u00e3o\u201d.<\/p>\n<p style=\"text-align: justify;\">Veja mais not\u00edcias em: <a href=\"http:\/\/www.mspontocom.com.br\">www.mspontocom.com.br<\/a><\/p>\n<p style=\"text-align: justify;\">Nosso X (Twitter) @mspontocom<\/p>\n","protected":false},"excerpt":{"rendered":"<p>O presidente Javier Milei ser\u00e1 recebido com todas as honras no pr\u00f3ximo s\u00e1bado (6), durante a Confer\u00eancia de A\u00e7\u00e3o Pol\u00edtica Conservadora em Balne\u00e1rio Cambori\u00fa, em Santa Catarina, Estado que sempre derrota petistas. O evento \u00e9 uma \u201cvers\u00e3o brasileira\u201d do Conservative Political Action Conference (CPAC), que re\u00fane nomes do conservadorismo dos Estados Unidos em congressos anuais [&hellip;]<\/p>\n","protected":false},"author":2,"featured_media":191956,"comment_status":"open","ping_status":"open","sticky":false,"template":"","format":"standard","meta":{"_monsterinsights_skip_tracking":false,"_monsterinsights_sitenote_active":false,"_monsterinsights_sitenote_note":"","_monsterinsights_sitenote_category":0},"categories":[6,30260,30259,12],"tags":[4399,21017,41506,40234],"aioseo_notices":[],"_links":{"self":[{"href":"https:\/\/mspontocom.com.br\/site\/wp-json\/wp\/v2\/posts\/191948"}],"collection":[{"href":"https:\/\/mspontocom.com.br\/site\/wp-json\/wp\/v2\/posts"}],"about":[{"href":"https:\/\/mspontocom.com.br\/site\/wp-json\/wp\/v2\/types\/post"}],"author":[{"embeddable":true,"href":"https:\/\/mspontocom.com.br\/site\/wp-json\/wp\/v2\/users\/2"}],"replies":[{"embeddable":true,"href":"https:\/\/mspontocom.com.br\/site\/wp-json\/wp\/v2\/comments?post=191948"}],"version-history":[{"count":3,"href":"https:\/\/mspontocom.com.br\/site\/wp-json\/wp\/v2\/posts\/191948\/revisions"}],"predecessor-version":[{"id":191957,"href":"https:\/\/mspontocom.com.br\/site\/wp-json\/wp\/v2\/posts\/191948\/revisions\/191957"}],"wp:featuredmedia":[{"embeddable":true,"href":"https:\/\/mspontocom.com.br\/site\/wp-json\/wp\/v2\/media\/191956"}],"wp:attachment":[{"href":"https:\/\/mspontocom.com.br\/site\/wp-json\/wp\/v2\/media?parent=191948"}],"wp:term":[{"taxonomy":"category","embeddable":true,"href":"https:\/\/mspontocom.com.br\/site\/wp-json\/wp\/v2\/categories?post=191948"},{"taxonomy":"post_tag","embeddable":true,"href":"https:\/\/mspontocom.com.br\/site\/wp-json\/wp\/v2\/tags?post=191948"}],"curies":[{"name":"wp","href":"https:\/\/api.w.org\/{rel}","templated":true}]}}