{"id":191950,"date":"2024-07-02T05:44:09","date_gmt":"2024-07-02T09:44:09","guid":{"rendered":"https:\/\/mspontocom.com.br\/site\/?p=191950"},"modified":"2024-07-02T05:44:09","modified_gmt":"2024-07-02T09:44:09","slug":"lider-da-oposicao-diz-que-bolsonaro-e-o-plano-a-b-e-c-para-2026","status":"publish","type":"post","link":"https:\/\/mspontocom.com.br\/site\/lider-da-oposicao-diz-que-bolsonaro-e-o-plano-a-b-e-c-para-2026\/","title":{"rendered":"L\u00edder da oposi\u00e7\u00e3o diz que Bolsonaro \u00e9 o plano A B e C para 2026"},"content":{"rendered":"<p style=\"text-align: justify;\"><img loading=\"lazy\" class=\"alignnone size-full wp-image-191958\" src=\"https:\/\/mspontocom.com.br\/site\/wp-content\/uploads\/2024\/07\/site-lider-da-oposicao-diz-que-bolsonaro-e-o-plano-a-b-e-c-para-2026-bolsonaro-vacina.jpg\" alt=\"\" width=\"800\" height=\"445\" srcset=\"https:\/\/mspontocom.com.br\/site\/wp-content\/uploads\/2024\/07\/site-lider-da-oposicao-diz-que-bolsonaro-e-o-plano-a-b-e-c-para-2026-bolsonaro-vacina.jpg 800w, https:\/\/mspontocom.com.br\/site\/wp-content\/uploads\/2024\/07\/site-lider-da-oposicao-diz-que-bolsonaro-e-o-plano-a-b-e-c-para-2026-bolsonaro-vacina-260x145.jpg 260w, https:\/\/mspontocom.com.br\/site\/wp-content\/uploads\/2024\/07\/site-lider-da-oposicao-diz-que-bolsonaro-e-o-plano-a-b-e-c-para-2026-bolsonaro-vacina-768x427.jpg 768w\" sizes=\"(max-width: 800px) 100vw, 800px\" \/>Apoiadores do ex-presidente <strong>Jair Bolsonaro<\/strong> (PL) afirmam que ele foi tirado da presid\u00eancia da Rep\u00fablica no final de 2022 pelo que chama de<strong> \u201csistema\u201d,<\/strong> mas que a direita voltar\u00e1 ao poder em 2026 a partir do que se definir nas elei\u00e7\u00f5es municipais deste ano.<\/p>\n<p style=\"text-align: justify;\">Bolsonaro foi declarado ineleg\u00edvel pelo TSE em 30 de junho de 2023 por<strong> suposto<\/strong> abuso de poder pol\u00edtico.<\/p>\n<p style=\"text-align: justify;\">O l\u00edder da oposi\u00e7\u00e3o no Senado, Marcos Rog\u00e9rio (PL-RO) garante que Jair Bolsonaro \u00e9 o <strong>\u201cplano a, b e c\u201d<\/strong> para as elei\u00e7\u00f5es de 2026.<\/p>\n<p style=\"text-align: justify;\">Diz ainda que Lula, com seus erros, \u00e9 o maior cabo eleitoral do ex-presidente.<\/p>\n<p>Veja mais not\u00edcias em: <a href=\"http:\/\/www.mspontocom.com.br\">www.mspontocom.com.br<\/a><\/p>\n<p>Nosso X (Twitter) @mspontocom<\/p>\n","protected":false},"excerpt":{"rendered":"<p>Apoiadores do ex-presidente Jair Bolsonaro (PL) afirmam que ele foi tirado da presid\u00eancia da Rep\u00fablica no final de 2022 pelo que chama de \u201csistema\u201d, mas que a direita voltar\u00e1 ao poder em 2026 a partir do que se definir nas elei\u00e7\u00f5es municipais deste ano. Bolsonaro foi declarado ineleg\u00edvel pelo TSE em 30 de junho de [&hellip;]<\/p>\n","protected":false},"author":2,"featured_media":191958,"comment_status":"open","ping_status":"open","sticky":false,"template":"","format":"standard","meta":{"_monsterinsights_skip_tracking":false,"_monsterinsights_sitenote_active":false,"_monsterinsights_sitenote_note":"","_monsterinsights_sitenote_category":0},"categories":[6,30260,30259,12],"tags":[34531,41507,21017,21788,4285,23469],"aioseo_notices":[],"_links":{"self":[{"href":"https:\/\/mspontocom.com.br\/site\/wp-json\/wp\/v2\/posts\/191950"}],"collection":[{"href":"https:\/\/mspontocom.com.br\/site\/wp-json\/wp\/v2\/posts"}],"about":[{"href":"https:\/\/mspontocom.com.br\/site\/wp-json\/wp\/v2\/types\/post"}],"author":[{"embeddable":true,"href":"https:\/\/mspontocom.com.br\/site\/wp-json\/wp\/v2\/users\/2"}],"replies":[{"embeddable":true,"href":"https:\/\/mspontocom.com.br\/site\/wp-json\/wp\/v2\/comments?post=191950"}],"version-history":[{"count":2,"href":"https:\/\/mspontocom.com.br\/site\/wp-json\/wp\/v2\/posts\/191950\/revisions"}],"predecessor-version":[{"id":191959,"href":"https:\/\/mspontocom.com.br\/site\/wp-json\/wp\/v2\/posts\/191950\/revisions\/191959"}],"wp:featuredmedia":[{"embeddable":true,"href":"https:\/\/mspontocom.com.br\/site\/wp-json\/wp\/v2\/media\/191958"}],"wp:attachment":[{"href":"https:\/\/mspontocom.com.br\/site\/wp-json\/wp\/v2\/media?parent=191950"}],"wp:term":[{"taxonomy":"category","embeddable":true,"href":"https:\/\/mspontocom.com.br\/site\/wp-json\/wp\/v2\/categories?post=191950"},{"taxonomy":"post_tag","embeddable":true,"href":"https:\/\/mspontocom.com.br\/site\/wp-json\/wp\/v2\/tags?post=191950"}],"curies":[{"name":"wp","href":"https:\/\/api.w.org\/{rel}","templated":true}]}}