{"id":191988,"date":"2024-07-04T07:02:03","date_gmt":"2024-07-04T11:02:03","guid":{"rendered":"https:\/\/mspontocom.com.br\/site\/?p=191988"},"modified":"2024-07-04T07:02:03","modified_gmt":"2024-07-04T11:02:03","slug":"pl-se-inspira-em-filme-para-criticar-lula-divertidamente-desgoverno","status":"publish","type":"post","link":"https:\/\/mspontocom.com.br\/site\/pl-se-inspira-em-filme-para-criticar-lula-divertidamente-desgoverno\/","title":{"rendered":"PL se inspira em filme para criticar Lula: Divertidamente desgoverno"},"content":{"rendered":"<p style=\"text-align: justify;\"><img loading=\"lazy\" class=\"alignnone size-full wp-image-192000\" src=\"https:\/\/mspontocom.com.br\/site\/wp-content\/uploads\/2024\/07\/site-pl-se-inspira-em-filme-para-criticar-lula-divertidamente-desgoverno-divertidamente-do-desgoverno-1-696x557-1.jpg\" alt=\"\" width=\"696\" height=\"557\" srcset=\"https:\/\/mspontocom.com.br\/site\/wp-content\/uploads\/2024\/07\/site-pl-se-inspira-em-filme-para-criticar-lula-divertidamente-desgoverno-divertidamente-do-desgoverno-1-696x557-1.jpg 696w, https:\/\/mspontocom.com.br\/site\/wp-content\/uploads\/2024\/07\/site-pl-se-inspira-em-filme-para-criticar-lula-divertidamente-desgoverno-divertidamente-do-desgoverno-1-696x557-1-260x208.jpg 260w\" sizes=\"(max-width: 696px) 100vw, 696px\" \/>O Partido Liberal (PL) se inspirou no filme\u00a0<em>Divertida Mente 2<\/em>\u00a0para criticar o presidente Luiz In\u00e1cio Lula da Silva.<\/p>\n<p style=\"text-align: justify;\">A sigla compartilhou <em>memes<\/em>\u00a0com personagens da anima\u00e7\u00e3o nas redes sociais para zombar do governo petista.<\/p>\n<p style=\"text-align: justify;\"><strong>O post original pertence ao internauta Lucas Gagriel. <\/strong><\/p>\n<p style=\"text-align: justify;\">\u201cComo seriam os \u2018divertidamente do desgoverno?\u2019\u201d, diz a legenda da publica\u00e7\u00e3o.<\/p>\n<h2 class=\"wp-block-heading\" style=\"text-align: justify;\">Os \u201cdivertidamente do desgoverno\u201d<\/h2>\n<p style=\"text-align: justify;\">Na publica\u00e7\u00e3o que o PL compartilhou, h\u00e1 uma galeria que mostra os mesmos personagens, mas com nomes diferentes.<\/p>\n<p style=\"text-align: justify;\">A primeira foto da galeria mostra a \u201cTaxa\u00e7\u00e3o\u201d.\u00a0<strong>Abaixo, uma manchete apresenta a not\u00edcia de que o governo determinou taxa\u00e7\u00e3o de compras de at\u00e9 US$ 50<\/strong>, a serem cobradas a partir de agosto.<\/p>\n<p style=\"text-align: justify;\">A segunda imagem mostra o \u201cpersonagem D\u00f3lar\u201d, e uma not\u00edcia que informa a alta da moeda norte-americana a R$ 5,70,\u00a0<strong>depois das recentes falas de Lula<\/strong>.<\/p>\n<p style=\"text-align: justify;\">A terceira personagem que aparece \u00e9 a \u201cQueimada\u201d, junto de uma manchete que diz que o\u00a0<strong>fogo na Amaz\u00f4nia mais que dobrou nos primeiros meses de 2024<\/strong>.<\/p>\n<p style=\"text-align: justify;\">A\u00a0<strong>ab\u00f3bora<\/strong>\u00a0n\u00e3o poderia ficar de fora. O personagem que substitui a picanha tamb\u00e9m aparece no\u00a0<em>meme<\/em>. A publica\u00e7\u00e3o lembra que Lula \u201cacabou com o sonho da picanha e sugeriu ab\u00f3bora na mesa do brasileiro\u201d.<\/p>\n<h2 class=\"wp-block-heading\" style=\"text-align: justify;\">Impostos<\/h2>\n<p style=\"text-align: justify;\">O quinto personagem da par\u00f3dia \u201cdivertidamente do desgoverno\u201d \u00e9 o Imposto. A postagem lembra que o presidente \u201cquer taxar\u00a0<strong><a href=\"https:\/\/www.instagram.com\/p\/C8-Ezm_uJL2\/\" target=\"_blank\" rel=\"noreferrer noopener\">cortes bovinos<\/a><\/strong>\u201c.<\/p>\n<p style=\"text-align: justify;\">Em seguida vem a Fuga de Capital. O personagem dos \u201cdivertidamente do desgoverno\u201d est\u00e1 acompanhado de uma not\u00edcia que mostra que a \u201c<strong>fuga de capital estrangeiro da B3<\/strong>\u00a0no primeiro semestre de 2024 \u00e9 a mais intensa desde 2020\u201d.<\/p>\n<p style=\"text-align: justify;\">Por fim, o \u00faltimo personagem \u00e9 a Censura. Abaixo, a manchete lembra que o\u00a0<strong>Comit\u00ea da C\u00e2mara dos Estados Unidos disse que Alexandre de Moraes, do Supremo Tribunal Federal (STF), \u201c\u2018censura\u2019 a oposi\u00e7\u00e3o ao governo Lula\u201d<\/strong>.<\/p>\n","protected":false},"excerpt":{"rendered":"<p>O Partido Liberal (PL) se inspirou no filme\u00a0Divertida Mente 2\u00a0para criticar o presidente Luiz In\u00e1cio Lula da Silva. A sigla compartilhou memes\u00a0com personagens da anima\u00e7\u00e3o nas redes sociais para zombar do governo petista. O post original pertence ao internauta Lucas Gagriel. \u201cComo seriam os \u2018divertidamente do desgoverno?\u2019\u201d, diz a legenda da publica\u00e7\u00e3o. Os \u201cdivertidamente do [&hellip;]<\/p>\n","protected":false},"author":2,"featured_media":192000,"comment_status":"open","ping_status":"open","sticky":false,"template":"","format":"standard","meta":{"_monsterinsights_skip_tracking":false,"_monsterinsights_sitenote_active":false,"_monsterinsights_sitenote_note":"","_monsterinsights_sitenote_category":0},"categories":[6,30260,30259,12],"tags":[24530,41514,1041,35408],"aioseo_notices":[],"_links":{"self":[{"href":"https:\/\/mspontocom.com.br\/site\/wp-json\/wp\/v2\/posts\/191988"}],"collection":[{"href":"https:\/\/mspontocom.com.br\/site\/wp-json\/wp\/v2\/posts"}],"about":[{"href":"https:\/\/mspontocom.com.br\/site\/wp-json\/wp\/v2\/types\/post"}],"author":[{"embeddable":true,"href":"https:\/\/mspontocom.com.br\/site\/wp-json\/wp\/v2\/users\/2"}],"replies":[{"embeddable":true,"href":"https:\/\/mspontocom.com.br\/site\/wp-json\/wp\/v2\/comments?post=191988"}],"version-history":[{"count":2,"href":"https:\/\/mspontocom.com.br\/site\/wp-json\/wp\/v2\/posts\/191988\/revisions"}],"predecessor-version":[{"id":192001,"href":"https:\/\/mspontocom.com.br\/site\/wp-json\/wp\/v2\/posts\/191988\/revisions\/192001"}],"wp:featuredmedia":[{"embeddable":true,"href":"https:\/\/mspontocom.com.br\/site\/wp-json\/wp\/v2\/media\/192000"}],"wp:attachment":[{"href":"https:\/\/mspontocom.com.br\/site\/wp-json\/wp\/v2\/media?parent=191988"}],"wp:term":[{"taxonomy":"category","embeddable":true,"href":"https:\/\/mspontocom.com.br\/site\/wp-json\/wp\/v2\/categories?post=191988"},{"taxonomy":"post_tag","embeddable":true,"href":"https:\/\/mspontocom.com.br\/site\/wp-json\/wp\/v2\/tags?post=191988"}],"curies":[{"name":"wp","href":"https:\/\/api.w.org\/{rel}","templated":true}]}}