{"id":191992,"date":"2024-07-04T06:52:33","date_gmt":"2024-07-04T10:52:33","guid":{"rendered":"https:\/\/mspontocom.com.br\/site\/?p=191992"},"modified":"2024-07-04T06:52:33","modified_gmt":"2024-07-04T10:52:33","slug":"bolsonaro-questiona-faculdades-mentais-de-lula","status":"publish","type":"post","link":"https:\/\/mspontocom.com.br\/site\/bolsonaro-questiona-faculdades-mentais-de-lula\/","title":{"rendered":"Bolsonaro questiona \u2018faculdades mentais\u2019 de Lula"},"content":{"rendered":"<p style=\"text-align: justify;\"><img loading=\"lazy\" class=\"alignnone size-full wp-image-191998\" src=\"https:\/\/mspontocom.com.br\/site\/wp-content\/uploads\/2024\/07\/site-bolsonaro-questiona-faculdades-mentais-de-lula-biden-da-silva.jpg\" alt=\"\" width=\"640\" height=\"480\" srcset=\"https:\/\/mspontocom.com.br\/site\/wp-content\/uploads\/2024\/07\/site-bolsonaro-questiona-faculdades-mentais-de-lula-biden-da-silva.jpg 640w, https:\/\/mspontocom.com.br\/site\/wp-content\/uploads\/2024\/07\/site-bolsonaro-questiona-faculdades-mentais-de-lula-biden-da-silva-260x195.jpg 260w\" sizes=\"(max-width: 640px) 100vw, 640px\" \/>O ex-presidente Jair Bolsonaro usou as redes sociais\u00a0 para alfinetar o presidente Lula.<\/p>\n<p style=\"text-align: justify;\">Em um post no X, Bolsonaro diz que <strong>\u201co filho do sistema n\u00e3o est\u00e1 com suas faculdades mentais normais\u201d,<\/strong> em refer\u00eancia ao presidente, e afirma que o petista \u00e9 \u201cum indiv\u00edduo dominado pelo \u00f3dio, pela mentira e pela trai\u00e7\u00e3o\u201d.<\/p>\n<p style=\"text-align: justify;\"><span style=\"font-size: 14pt;\"><em>\u201cQualquer inocente sabe que o filho do sistema n\u00e3o est\u00e1 com suas faculdades mentais normais.\u00a0 Desejamos a ele, como ser humano, que melhore o mais r\u00e1pido poss\u00edvel para o bem do Brasil. Enquanto isso a picanha que virou ab\u00f3bora agora se transformou em p\u00e9 de galinha.&#8221;<\/em> <\/span>, escreveu Bolsonaro.<\/p>\n<p style=\"text-align: justify;\">Bolsonaro tamb\u00e9m cita uma s\u00e9rie de feitos que teriam sido atingidos durante o seu mandato na Presid\u00eancia da Rep\u00fablica:<\/p>\n<p style=\"text-align: justify;\">\u201cDiminu\u00edamos gradativamente o estado, fech\u00e1vamos as contas com super\u00e1vit, distribu\u00edmos mais recursos a estados e munic\u00edpios, descentralizando o poder do Executivo Federal, reduz\u00edamos impostos e aument\u00e1vamos a arrecada\u00e7\u00e3o\u201d.<\/p>\n<p>Veja mais not\u00edcias em: <a href=\"http:\/\/www.mspontocom.com.br\">www.mspontocom.com.br<\/a><\/p>\n<p>Nosso X (Twitter) @mspontocom<\/p>\n","protected":false},"excerpt":{"rendered":"<p>O ex-presidente Jair Bolsonaro usou as redes sociais\u00a0 para alfinetar o presidente Lula. Em um post no X, Bolsonaro diz que \u201co filho do sistema n\u00e3o est\u00e1 com suas faculdades mentais normais\u201d, em refer\u00eancia ao presidente, e afirma que o petista \u00e9 \u201cum indiv\u00edduo dominado pelo \u00f3dio, pela mentira e pela trai\u00e7\u00e3o\u201d. \u201cQualquer inocente sabe [&hellip;]<\/p>\n","protected":false},"author":2,"featured_media":191998,"comment_status":"open","ping_status":"open","sticky":false,"template":"","format":"standard","meta":{"_monsterinsights_skip_tracking":false,"_monsterinsights_sitenote_active":false,"_monsterinsights_sitenote_note":"","_monsterinsights_sitenote_category":0},"categories":[6,30260,30259,12],"tags":[21017,41513,480],"aioseo_notices":[],"_links":{"self":[{"href":"https:\/\/mspontocom.com.br\/site\/wp-json\/wp\/v2\/posts\/191992"}],"collection":[{"href":"https:\/\/mspontocom.com.br\/site\/wp-json\/wp\/v2\/posts"}],"about":[{"href":"https:\/\/mspontocom.com.br\/site\/wp-json\/wp\/v2\/types\/post"}],"author":[{"embeddable":true,"href":"https:\/\/mspontocom.com.br\/site\/wp-json\/wp\/v2\/users\/2"}],"replies":[{"embeddable":true,"href":"https:\/\/mspontocom.com.br\/site\/wp-json\/wp\/v2\/comments?post=191992"}],"version-history":[{"count":2,"href":"https:\/\/mspontocom.com.br\/site\/wp-json\/wp\/v2\/posts\/191992\/revisions"}],"predecessor-version":[{"id":191999,"href":"https:\/\/mspontocom.com.br\/site\/wp-json\/wp\/v2\/posts\/191992\/revisions\/191999"}],"wp:featuredmedia":[{"embeddable":true,"href":"https:\/\/mspontocom.com.br\/site\/wp-json\/wp\/v2\/media\/191998"}],"wp:attachment":[{"href":"https:\/\/mspontocom.com.br\/site\/wp-json\/wp\/v2\/media?parent=191992"}],"wp:term":[{"taxonomy":"category","embeddable":true,"href":"https:\/\/mspontocom.com.br\/site\/wp-json\/wp\/v2\/categories?post=191992"},{"taxonomy":"post_tag","embeddable":true,"href":"https:\/\/mspontocom.com.br\/site\/wp-json\/wp\/v2\/tags?post=191992"}],"curies":[{"name":"wp","href":"https:\/\/api.w.org\/{rel}","templated":true}]}}